{"id":846,"date":"2020-02-11T17:32:45","date_gmt":"2020-02-11T16:32:45","guid":{"rendered":"http:\/\/www.lungta-equicoaching.com\/?p=846"},"modified":"2021-03-15T18:36:41","modified_gmt":"2021-03-15T17:36:41","slug":"le-masque-a-oxygene-ou-le-vase-a-emotions","status":"publish","type":"post","link":"https:\/\/www.lungta-equicoaching.com\/index.php\/2020\/02\/11\/le-masque-a-oxygene-ou-le-vase-a-emotions\/","title":{"rendered":"Le masque \u00e0 oxyg\u00e8ne ou le vase \u00e0 \u00e9motions ?"},"content":{"rendered":"\t\t<div data-elementor-type=\"wp-post\" data-elementor-id=\"846\" class=\"elementor elementor-846\">\n\t\t\t\t\t\t<div class=\"elementor-inner\">\n\t\t\t\t<div class=\"elementor-section-wrap\">\n\t\t\t\t\t\t\t\t\t<section class=\"elementor-section elementor-top-section elementor-element elementor-element-9abb776 elementor-section-boxed elementor-section-height-default elementor-section-height-default\" data-id=\"9abb776\" data-element_type=\"section\">\n\t\t\t\t\t\t<div class=\"elementor-container elementor-column-gap-default\">\n\t\t\t\t\t\t\t<div class=\"elementor-row\">\n\t\t\t\t\t<div class=\"elementor-column elementor-col-100 elementor-top-column elementor-element elementor-element-ad251e5\" data-id=\"ad251e5\" data-element_type=\"column\">\n\t\t\t<div class=\"elementor-column-wrap elementor-element-populated\">\n\t\t\t\t\t\t\t<div class=\"elementor-widget-wrap\">\n\t\t\t\t\t\t<div class=\"elementor-element elementor-element-db9ee7f elementor-widget elementor-widget-heading\" data-id=\"db9ee7f\" data-element_type=\"widget\" data-widget_type=\"heading.default\">\n\t\t\t\t<div class=\"elementor-widget-container\">\n\t\t\t<h2 class=\"elementor-heading-title elementor-size-large\">Le masque \u00e0 oxyg\u00e8ne ou le vase \u00e0 \u00e9motions ? <\/h2>\t\t<\/div>\n\t\t\t\t<\/div>\n\t\t\t\t\t\t<\/div>\n\t\t\t\t\t<\/div>\n\t\t<\/div>\n\t\t\t\t\t\t\t\t<\/div>\n\t\t\t\t\t<\/div>\n\t\t<\/section>\n\t\t\t\t<section class=\"elementor-section elementor-top-section elementor-element elementor-element-66363b8 elementor-section-boxed elementor-section-height-default elementor-section-height-default\" data-id=\"66363b8\" data-element_type=\"section\">\n\t\t\t\t\t\t<div class=\"elementor-container elementor-column-gap-default\">\n\t\t\t\t\t\t\t<div class=\"elementor-row\">\n\t\t\t\t\t<div class=\"elementor-column elementor-col-100 elementor-top-column elementor-element elementor-element-a20a0ef\" data-id=\"a20a0ef\" data-element_type=\"column\">\n\t\t\t<div class=\"elementor-column-wrap elementor-element-populated\">\n\t\t\t\t\t\t\t<div class=\"elementor-widget-wrap\">\n\t\t\t\t\t\t<div class=\"elementor-element elementor-element-e195ead elementor-widget elementor-widget-spacer\" data-id=\"e195ead\" data-element_type=\"widget\" data-widget_type=\"spacer.default\">\n\t\t\t\t<div class=\"elementor-widget-container\">\n\t\t\t\t\t<div class=\"elementor-spacer\">\n\t\t\t<div class=\"elementor-spacer-inner\"><\/div>\n\t\t<\/div>\n\t\t\t\t<\/div>\n\t\t\t\t<\/div>\n\t\t\t\t<div class=\"elementor-element elementor-element-771d8ce elementor-widget elementor-widget-image\" data-id=\"771d8ce\" data-element_type=\"widget\" data-widget_type=\"image.default\">\n\t\t\t\t<div class=\"elementor-widget-container\">\n\t\t\t\t\t\t\t\t<div class=\"elementor-image\">\n\t\t\t\t\t\t\t\t\t\t\t\t<img decoding=\"async\" width=\"640\" height=\"640\" src=\"https:\/\/www.lungta-equicoaching.com\/wp-content\/uploads\/2020\/02\/79450192_516477709077387_6686838770735513600_o-768x768.jpg\" class=\"attachment-medium_large size-medium_large\" alt=\"\" loading=\"lazy\" srcset=\"https:\/\/www.lungta-equicoaching.com\/wp-content\/uploads\/2020\/02\/79450192_516477709077387_6686838770735513600_o-768x768.jpg 768w, https:\/\/www.lungta-equicoaching.com\/wp-content\/uploads\/2020\/02\/79450192_516477709077387_6686838770735513600_o-150x150.jpg 150w, https:\/\/www.lungta-equicoaching.com\/wp-content\/uploads\/2020\/02\/79450192_516477709077387_6686838770735513600_o-300x300.jpg 300w, https:\/\/www.lungta-equicoaching.com\/wp-content\/uploads\/2020\/02\/79450192_516477709077387_6686838770735513600_o.jpg 960w\" sizes=\"(max-width: 640px) 100vw, 640px\" \/>\t\t\t\t\t\t\t\t\t\t\t\t\t\t<\/div>\n\t\t\t\t\t\t<\/div>\n\t\t\t\t<\/div>\n\t\t\t\t\t\t<\/div>\n\t\t\t\t\t<\/div>\n\t\t<\/div>\n\t\t\t\t\t\t\t\t<\/div>\n\t\t\t\t\t<\/div>\n\t\t<\/section>\n\t\t\t\t<section class=\"elementor-section elementor-top-section elementor-element elementor-element-9cafd5d elementor-section-boxed elementor-section-height-default elementor-section-height-default\" data-id=\"9cafd5d\" data-element_type=\"section\">\n\t\t\t\t\t\t<div class=\"elementor-container elementor-column-gap-default\">\n\t\t\t\t\t\t\t<div class=\"elementor-row\">\n\t\t\t\t\t<div class=\"elementor-column elementor-col-100 elementor-top-column elementor-element elementor-element-8380d94\" data-id=\"8380d94\" data-element_type=\"column\">\n\t\t\t<div class=\"elementor-column-wrap elementor-element-populated\">\n\t\t\t\t\t\t\t<div class=\"elementor-widget-wrap\">\n\t\t\t\t\t\t<div class=\"elementor-element elementor-element-5237230 elementor-widget elementor-widget-text-editor\" data-id=\"5237230\" data-element_type=\"widget\" data-widget_type=\"text-editor.default\">\n\t\t\t\t<div class=\"elementor-widget-container\">\n\t\t\t\t\t\t\t\t<div class=\"elementor-text-editor elementor-clearfix\">\n\t\t\t\t<p style=\"font-style: normal; text-align: start; margin-bottom: 6px; font-family: system-ui, -apple-system, BlinkMacSystemFont, '.SFNSText-Regular', sans-serif; caret-color: #1d2129; color: #1d2129; font-size: 14px;\">Le masque \u00e0 oxyg\u00e8ne ou le vase \u00e0 \u00e9motions.<\/p><p style=\"font-style: normal; text-align: start; margin-top: 6px; margin-bottom: 6px; font-family: system-ui, -apple-system, BlinkMacSystemFont, '.SFNSText-Regular', sans-serif; caret-color: #1d2129; color: #1d2129; font-size: 14px;\">Mais de quoi elle parle\u00a0\u00a0?<\/p><p style=\"font-style: normal; text-align: start; margin-top: 6px; margin-bottom: 6px; font-family: system-ui, -apple-system, BlinkMacSystemFont, '.SFNSText-Regular', sans-serif; caret-color: #1d2129; color: #1d2129; font-size: 14px;\">De prendre soin de soi, encore, &#8230;. AVANT de prendre soin des autres.\u00a0<\/p><p style=\"font-style: normal; text-align: start; margin-top: 6px; margin-bottom: 6px; font-family: system-ui, -apple-system, BlinkMacSystemFont, '.SFNSText-Regular', sans-serif; caret-color: #1d2129; color: #1d2129; font-size: 14px;\">Je pense aux mamans, comme moi, en particulier celles qui ont fait des choix de vie qui impliquent d&#8217;\u00eatre &#8211; quasiment &#8211; 24h\/24 avec ses enfants.\u00a0<\/p><p style=\"font-style: normal; text-align: start; margin-top: 6px; margin-bottom: 6px; font-family: system-ui, -apple-system, BlinkMacSystemFont, '.SFNSText-Regular', sans-serif; caret-color: #1d2129; color: #1d2129; font-size: 14px;\">Nous souhaitons donner le meilleur de nous-m\u00eames \u00e0 nos enfants, nous souhaitons qu&#8217;ils soient heureux, joyeux, nous aimons les journ\u00e9es o\u00f9 les rires\u00a0<span class=\"_5mfr\" style=\"margin-right: 1px; margin-left: 1px;\"><span class=\"_6qdm\" style=\"background-size: contain; color: transparent; display: inline-block; text-shadow: none; vertical-align: text-bottom; height: 16px; width: 16px; font-size: 16px; background-image: url('https:\/\/www.facebook.com\/images\/emoji.php\/v9\/t52\/1\/16\/1f923.png'); background-repeat: no-repeat no-repeat;\"><img decoding=\"async\" class=\"emoji\" draggable=\"false\" src=\"https:\/\/s.w.org\/images\/core\/emoji\/11\/svg\/1f923.svg\" alt=\"\ud83e\udd23\" \/><\/span><\/span>\u00a0fusent \u00e0 travers la maison, o\u00f9 nous sommes l\u00e9g\u00e8res, pleines de vitalit\u00e9, disponibles\u00a0<span class=\"_5mfr\" style=\"margin-right: 1px; margin-left: 1px;\"><span class=\"_6qdm\" style=\"background-size: contain; color: transparent; display: inline-block; text-shadow: none; vertical-align: text-bottom; height: 16px; width: 16px; font-size: 16px; background-image: url('https:\/\/www.facebook.com\/images\/emoji.php\/v9\/tf4\/1\/16\/2728.png'); background-repeat: no-repeat no-repeat;\"><img decoding=\"async\" class=\"emoji\" draggable=\"false\" src=\"https:\/\/s.w.org\/images\/core\/emoji\/11\/svg\/2728.svg\" alt=\"\u2728\" \/><\/span><\/span><span class=\"_5mfr\" style=\"margin-right: 1px; margin-left: 1px;\"><span class=\"_6qdm\" style=\"background-size: contain; color: transparent; display: inline-block; text-shadow: none; vertical-align: text-bottom; height: 16px; width: 16px; font-size: 16px; background-image: url('https:\/\/www.facebook.com\/images\/emoji.php\/v9\/te9\/1\/16\/1f496.png'); background-repeat: no-repeat no-repeat;\"><img decoding=\"async\" class=\"emoji\" draggable=\"false\" src=\"https:\/\/s.w.org\/images\/core\/emoji\/11\/svg\/1f496.svg\" alt=\"\ud83d\udc96\" \/><\/span><\/span>.\u00a0<\/p><p style=\"font-style: normal; text-align: start; margin-top: 6px; margin-bottom: 6px; font-family: system-ui, -apple-system, BlinkMacSystemFont, '.SFNSText-Regular', sans-serif; caret-color: #1d2129; color: #1d2129; font-size: 14px;\">Oui mais voil\u00e0, tous les jours ne se ressemblent pas et &#8230; nous ne sommes pas superwoman &#8230; Il y a aussi ces jours o\u00f9 les cris fusent \u00e0 travers la maison\u00a0<span class=\"_5mfr\" style=\"margin-right: 1px; margin-left: 1px;\"><span class=\"_6qdm\" style=\"background-size: contain; color: transparent; display: inline-block; text-shadow: none; vertical-align: text-bottom; height: 16px; width: 16px; font-size: 16px; background-image: url('https:\/\/www.facebook.com\/images\/emoji.php\/v9\/t9b\/1\/16\/1f97a.png'); background-repeat: no-repeat no-repeat;\"><img decoding=\"async\" class=\"emoji\" draggable=\"false\" src=\"https:\/\/s.w.org\/images\/core\/emoji\/11\/svg\/1f97a.svg\" alt=\"\ud83e\udd7a\" \/><\/span><\/span>.., o\u00f9 nous nous sentons lourdes, vid\u00e9es et o\u00f9 notre seule envie est de partir loin, de vivre dans une grotte jusqu&#8217;\u00e0 ce que la joie revienne, d&#8217;\u00eatre seule avec nous-m\u00eames.\u00a0<\/p><p style=\"font-style: normal; text-align: start; margin-top: 6px; margin-bottom: 6px; font-family: system-ui, -apple-system, BlinkMacSystemFont, '.SFNSText-Regular', sans-serif; caret-color: #1d2129; color: #1d2129; font-size: 14px;\">Ces jours l\u00e0, impossible de donner le meilleur de nous-m\u00eames ou bien si nous donnons le meilleur il nous semble tellement d\u00e9risoire ce &#8220;meilleur&#8221;&#8230; Nous nous cupabilisons, nous d\u00e9testons cette &#8220;maman-que-nous-ne-voulons-pas-\u00eatre&#8221;.\u00a0<\/p><p style=\"font-style: normal; text-align: start; margin-top: 6px; margin-bottom: 6px; font-family: system-ui, -apple-system, BlinkMacSystemFont, '.SFNSText-Regular', sans-serif; caret-color: #1d2129; color: #1d2129; font-size: 14px;\">Deux choses me viennent quand je pense \u00e0 ces jours noirs :\u00a0<\/p><p style=\"font-style: normal; text-align: start; margin-top: 6px; margin-bottom: 6px; font-family: system-ui, -apple-system, BlinkMacSystemFont, '.SFNSText-Regular', sans-serif; caret-color: #1d2129; color: #1d2129; font-size: 14px;\"><span class=\"_5mfr\" style=\"margin-right: 1px; margin-left: 1px;\"><span class=\"_6qdm\" style=\"background-size: contain; color: transparent; display: inline-block; text-shadow: none; vertical-align: text-bottom; height: 16px; width: 16px; font-size: 16px; background-image: url('https:\/\/www.facebook.com\/images\/emoji.php\/v9\/t9b\/1\/16\/1f33c.png'); background-repeat: no-repeat no-repeat;\"><img decoding=\"async\" class=\"emoji\" draggable=\"false\" src=\"https:\/\/s.w.org\/images\/core\/emoji\/11\/svg\/1f33c.svg\" alt=\"\ud83c\udf3c\" \/><\/span><\/span>1 &#8211; Personnellement, je suis tr\u00e8s (hyper) sensible \u00e0 mes lunes (menstruations) et aux \u00e9nergies cosmiques comme la pleine lune ou la nouvelle lune ou encore les \u00e9clipses, etc &#8230; Le fait de le savoir m&#8217;aide \u00e0 accepter mes hauts et mes bas, \u00e0 relativiser et \u00e0 g\u00e9rer mon \u00e9nergie en cons\u00e9quence.\u00a0<\/p><p style=\"font-style: normal; text-align: start; margin-top: 6px; margin-bottom: 6px; font-family: system-ui, -apple-system, BlinkMacSystemFont, '.SFNSText-Regular', sans-serif; caret-color: #1d2129; color: #1d2129; font-size: 14px;\">Et toi, as-tu aussi remarqu\u00e9 que ton humeur fluctuait en fonction de la p\u00e9riode de ton cycle ou de celui de la lune ?\u00a0<\/p><p style=\"font-style: normal; text-align: start; margin-top: 6px; margin-bottom: 6px; font-family: system-ui, -apple-system, BlinkMacSystemFont, '.SFNSText-Regular', sans-serif; caret-color: #1d2129; color: #1d2129; font-size: 14px;\"><span class=\"_5mfr\" style=\"margin-right: 1px; margin-left: 1px;\"><span class=\"_6qdm\" style=\"background-size: contain; color: transparent; display: inline-block; text-shadow: none; vertical-align: text-bottom; height: 16px; width: 16px; font-size: 16px; background-image: url('https:\/\/www.facebook.com\/images\/emoji.php\/v9\/t99\/1\/16\/1f33a.png'); background-repeat: no-repeat no-repeat;\"><img decoding=\"async\" class=\"emoji\" draggable=\"false\" src=\"https:\/\/s.w.org\/images\/core\/emoji\/11\/svg\/1f33a.svg\" alt=\"\ud83c\udf3a\" \/><\/span><\/span>\u00a02- Ces jours tendus me font prendre conscience que je ne me suis pas respect\u00e9e dans mes besoins : besoin de solitude, besoin de repos, besoin de faire du sport, besoin de ne &#8220;rien faire&#8221;, besoin de tendresse, besoin de soutien, etc &#8230;. Pour expliciter un peu plus ce point, j&#8217;en reviens au titre \u00e9nigmatique de mon post : &#8220;Le masque \u00e0 oxyg\u00e8ne ou le vase \u00e0 \u00e9motions&#8221;.\u00a0<\/p><p style=\"font-style: normal; text-align: start; margin-top: 6px; margin-bottom: 6px; font-family: system-ui, -apple-system, BlinkMacSystemFont, '.SFNSText-Regular', sans-serif; caret-color: #1d2129; color: #1d2129; font-size: 14px;\"><span class=\"_5mfr\" style=\"margin-right: 1px; margin-left: 1px;\"><span class=\"_6qdm\" style=\"background-size: contain; color: transparent; display: inline-block; text-shadow: none; vertical-align: text-bottom; height: 16px; width: 16px; font-size: 16px; background-image: url('https:\/\/www.facebook.com\/images\/emoji.php\/v9\/tf4\/1\/16\/2728.png'); background-repeat: no-repeat no-repeat;\"><img decoding=\"async\" class=\"emoji\" draggable=\"false\" src=\"https:\/\/s.w.org\/images\/core\/emoji\/11\/svg\/2728.svg\" alt=\"\u2728\" \/><\/span><\/span>&#8220;Le masque \u00e0 oxyg\u00e8ne ou le vase \u00e0 \u00e9motions&#8221; sont en fait deux images pour parler de la m\u00eame chose : Avant de prendre soin des autres il faut n\u00e9cessairement prendre soin de soi.\u00a0<br \/><span class=\"_5mfr\" style=\"margin-right: 1px; margin-left: 1px;\"><span class=\"_6qdm\" style=\"background-size: contain; color: transparent; display: inline-block; text-shadow: none; vertical-align: text-bottom; height: 16px; width: 16px; font-size: 16px; background-image: url('https:\/\/www.facebook.com\/images\/emoji.php\/v9\/tb4\/1\/16\/2b50.png'); background-repeat: no-repeat no-repeat;\"><img decoding=\"async\" class=\"emoji\" draggable=\"false\" src=\"https:\/\/s.w.org\/images\/core\/emoji\/11\/svg\/2b50.svg\" alt=\"\u2b50\ufe0f\" \/><\/span><\/span>Pour celles qui ont d\u00e9j\u00e0 pris l&#8217;avion, vous avez d\u00e9j\u00e0 entendu cette recommandation avant de d\u00e9coller qui est qu&#8217;en cas de d\u00e9pressurisation de la cabine il faut D&#8217;ABORD mettre SON masque \u00e0 oxyg\u00e8ne avant de mettre celui de notre enfant ou d&#8217;une autre personne qu&#8217;on souhaite aider. La premi\u00e8re fois que j&#8217;ai entendu \u00e7a, j&#8217;avoue avoir \u00e9t\u00e9 surprise. Mais en fait c&#8217;est tellement \u00e9vident : comment pourrais-je m&#8217;occuper de mon enfant si je suis moi-m\u00eame en manque d&#8217;oxyg\u00e8ne ?!\u00a0<br \/><span class=\"_5mfr\" style=\"margin-right: 1px; margin-left: 1px;\"><span class=\"_6qdm\" style=\"background-size: contain; color: transparent; display: inline-block; text-shadow: none; vertical-align: text-bottom; height: 16px; width: 16px; font-size: 16px; background-image: url('https:\/\/www.facebook.com\/images\/emoji.php\/v9\/tb4\/1\/16\/2b50.png'); background-repeat: no-repeat no-repeat;\"><img decoding=\"async\" class=\"emoji\" draggable=\"false\" src=\"https:\/\/s.w.org\/images\/core\/emoji\/11\/svg\/2b50.svg\" alt=\"\u2b50\ufe0f\" \/><\/span><\/span>Quant au vase \u00e0 \u00e9motions, la premi\u00e8re fois que j&#8217;en ai entendu parler c&#8217;est dans les livres de Catherine Dumonteil-Kremer, pionni\u00e8re de la parentalit\u00e9 positive en France. Elle explique que nous pouvons nous visualiser comme un vase ; quand ce vase est rempli (d&#8217;amour, de joie, de bien-\u00eatre parce qu&#8217;on a pris soin de r\u00e9pondre \u00e0 nos diff\u00e9rents besoins) nous sommes \u00e0 m\u00eame de remplir le vase \u00e9motionnel de nos enfants (et de toutes les personnes qui nous entourent) avec ces m\u00eames \u00e9nergies positives ; ce qui est un cercle vertueux puisque nos enfants pourront eux-m\u00eames, gr\u00e2ce \u00e0 leur vase rempli, faire rejaillir cette joie sur nous ou sur d&#8217;autres.\u00a0<br \/>Mais quand ce vase est vide parce que nous n&#8217;avons pas pris le temps d&#8217;\u00e9couter nos besoins et\/ou de le remplir, nous n&#8217;avons plus rien \u00e0 offrir, nous sommes &#8220;vid\u00e9es&#8221;.\u00a0<\/p><p style=\"font-style: normal; text-align: start; margin-top: 6px; margin-bottom: 6px; font-family: system-ui, -apple-system, BlinkMacSystemFont, '.SFNSText-Regular', sans-serif; caret-color: #1d2129; color: #1d2129; font-size: 14px;\">As-tu d\u00e9j\u00e0 pris conscience de cet engrenage ?\u00a0<\/p><p style=\"font-style: normal; text-align: start; margin-top: 6px; margin-bottom: 6px; font-family: system-ui, -apple-system, BlinkMacSystemFont, '.SFNSText-Regular', sans-serif; caret-color: #1d2129; color: #1d2129; font-size: 14px;\">Je t&#8217;invite donc, douce maman, \u00e0 ne plus te culpabiliser, \u00e0 observer si tes &#8220;bas&#8221; co\u00efncident avec des moments de ton cycle ou avec la lune, \u00e0 t&#8217;\u00e9couter, t&#8217;observer et surtout \u00e0 te respecter :\u00a0<\/p><p style=\"font-style: normal; text-align: start; margin-top: 6px; margin-bottom: 6px; font-family: system-ui, -apple-system, BlinkMacSystemFont, '.SFNSText-Regular', sans-serif; caret-color: #1d2129; color: #1d2129; font-size: 14px;\"><span class=\"_5mfr\" style=\"margin-right: 1px; margin-left: 1px;\"><span class=\"_6qdm\" style=\"background-size: contain; color: transparent; display: inline-block; text-shadow: none; vertical-align: text-bottom; height: 16px; width: 16px; font-size: 16px; background-image: url('https:\/\/www.facebook.com\/images\/emoji.php\/v9\/te9\/1\/16\/1f496.png'); background-repeat: no-repeat no-repeat;\"><img decoding=\"async\" class=\"emoji\" draggable=\"false\" src=\"https:\/\/s.w.org\/images\/core\/emoji\/11\/svg\/1f496.svg\" alt=\"\ud83d\udc96\" \/><\/span><\/span>Prendre soin de soi avant de prendre soin des autres n&#8217;est pas un signe d&#8217;\u00e9go\u00efsme mais au contraire un geste de maturit\u00e9, de bienveillance et d&#8217;Amour envers la personne que nous aimons choyer\u00a0<span class=\"_5mfr\" style=\"margin-right: 1px; margin-left: 1px;\"><span class=\"_6qdm\" style=\"background-size: contain; color: transparent; display: inline-block; text-shadow: none; vertical-align: text-bottom; height: 16px; width: 16px; font-size: 16px; background-image: url('https:\/\/www.facebook.com\/images\/emoji.php\/v9\/te9\/1\/16\/1f496.png'); background-repeat: no-repeat no-repeat;\"><img decoding=\"async\" class=\"emoji\" draggable=\"false\" src=\"https:\/\/s.w.org\/images\/core\/emoji\/11\/svg\/1f496.svg\" alt=\"\ud83d\udc96\" \/><\/span><\/span>.\u00a0<\/p><p style=\"font-style: normal; text-align: start; margin-top: 6px; margin-bottom: 6px; font-family: system-ui, -apple-system, BlinkMacSystemFont, '.SFNSText-Regular', sans-serif; caret-color: #1d2129; color: #1d2129; font-size: 14px;\">\u00a0<\/p><p>\u00a0<\/p><p style=\"font-style: normal; font-variant-caps: normal; font-weight: normal; letter-spacing: normal; orphans: auto; text-align: start; text-indent: 0px; text-transform: none; white-space: normal; widows: auto; word-spacing: 0px; -webkit-text-size-adjust: auto; -webkit-text-stroke-width: 0px; text-decoration: none; margin: 6px 0px 0px; display: inline; font-family: system-ui, -apple-system, BlinkMacSystemFont, '.SFNSText-Regular', sans-serif; caret-color: #1d2129; color: #1d2129; font-size: 14px;\">\u00a0<\/p>\t\t\t\t\t<\/div>\n\t\t\t\t\t\t<\/div>\n\t\t\t\t<\/div>\n\t\t\t\t\t\t<\/div>\n\t\t\t\t\t<\/div>\n\t\t<\/div>\n\t\t\t\t\t\t\t\t<\/div>\n\t\t\t\t\t<\/div>\n\t\t<\/section>\n\t\t\t\t\t\t\t\t\t<\/div>\n\t\t\t<\/div>\n\t\t\t\t\t<\/div>\n\t\t","protected":false},"excerpt":{"rendered":"<p>Le masque \u00e0 oxyg\u00e8ne ou le vase \u00e0 \u00e9motions ? Le masque \u00e0 oxyg\u00e8ne ou le vase \u00e0 \u00e9motions. Mais de quoi elle parle\u00a0\u00a0? De prendre soin de soi, encore, &#8230;. AVANT de prendre soin [&hellip;]<\/p>\n","protected":false},"author":1,"featured_media":0,"comment_status":"closed","ping_status":"open","sticky":false,"template":"","format":"standard","meta":[],"categories":[11,15],"tags":[],"_links":{"self":[{"href":"https:\/\/www.lungta-equicoaching.com\/index.php\/wp-json\/wp\/v2\/posts\/846"}],"collection":[{"href":"https:\/\/www.lungta-equicoaching.com\/index.php\/wp-json\/wp\/v2\/posts"}],"about":[{"href":"https:\/\/www.lungta-equicoaching.com\/index.php\/wp-json\/wp\/v2\/types\/post"}],"author":[{"embeddable":true,"href":"https:\/\/www.lungta-equicoaching.com\/index.php\/wp-json\/wp\/v2\/users\/1"}],"replies":[{"embeddable":true,"href":"https:\/\/www.lungta-equicoaching.com\/index.php\/wp-json\/wp\/v2\/comments?post=846"}],"version-history":[{"count":4,"href":"https:\/\/www.lungta-equicoaching.com\/index.php\/wp-json\/wp\/v2\/posts\/846\/revisions"}],"predecessor-version":[{"id":857,"href":"https:\/\/www.lungta-equicoaching.com\/index.php\/wp-json\/wp\/v2\/posts\/846\/revisions\/857"}],"wp:attachment":[{"href":"https:\/\/www.lungta-equicoaching.com\/index.php\/wp-json\/wp\/v2\/media?parent=846"}],"wp:term":[{"taxonomy":"category","embeddable":true,"href":"https:\/\/www.lungta-equicoaching.com\/index.php\/wp-json\/wp\/v2\/categories?post=846"},{"taxonomy":"post_tag","embeddable":true,"href":"https:\/\/www.lungta-equicoaching.com\/index.php\/wp-json\/wp\/v2\/tags?post=846"}],"curies":[{"name":"wp","href":"https:\/\/api.w.org\/{rel}","templated":true}]}}