{"id":2336,"date":"2024-02-22T15:27:53","date_gmt":"2024-02-22T14:27:53","guid":{"rendered":"http:\/\/www.lungta-equicoaching.com\/?p=2336"},"modified":"2024-02-24T15:47:20","modified_gmt":"2024-02-24T14:47:20","slug":"liberons-les-enfants","status":"publish","type":"post","link":"https:\/\/www.lungta-equicoaching.com\/index.php\/2024\/02\/22\/liberons-les-enfants\/","title":{"rendered":"Lib\u00e9rons les enfants !"},"content":{"rendered":"\t\t<div data-elementor-type=\"wp-post\" data-elementor-id=\"2336\" class=\"elementor elementor-2336\">\n\t\t\t\t\t\t<div class=\"elementor-inner\">\n\t\t\t\t<div class=\"elementor-section-wrap\">\n\t\t\t\t\t\t\t\t\t<section class=\"elementor-section elementor-top-section elementor-element elementor-element-9c7b66c elementor-section-boxed elementor-section-height-default elementor-section-height-default\" data-id=\"9c7b66c\" data-element_type=\"section\">\n\t\t\t\t\t\t<div class=\"elementor-container elementor-column-gap-default\">\n\t\t\t\t\t\t\t<div class=\"elementor-row\">\n\t\t\t\t\t<div class=\"elementor-column elementor-col-100 elementor-top-column elementor-element elementor-element-eda0a3f\" data-id=\"eda0a3f\" data-element_type=\"column\">\n\t\t\t<div class=\"elementor-column-wrap elementor-element-populated\">\n\t\t\t\t\t\t\t<div class=\"elementor-widget-wrap\">\n\t\t\t\t\t\t<div class=\"elementor-element elementor-element-cd63f82 elementor-widget elementor-widget-heading\" data-id=\"cd63f82\" data-element_type=\"widget\" data-widget_type=\"heading.default\">\n\t\t\t\t<div class=\"elementor-widget-container\">\n\t\t\t<h2 class=\"elementor-heading-title elementor-size-default\">Lib\u00e9rons les enfants !<\/h2>\t\t<\/div>\n\t\t\t\t<\/div>\n\t\t\t\t\t\t<\/div>\n\t\t\t\t\t<\/div>\n\t\t<\/div>\n\t\t\t\t\t\t\t\t<\/div>\n\t\t\t\t\t<\/div>\n\t\t<\/section>\n\t\t\t\t<section class=\"elementor-section elementor-top-section elementor-element elementor-element-c181ba0 elementor-section-boxed elementor-section-height-default elementor-section-height-default\" data-id=\"c181ba0\" data-element_type=\"section\">\n\t\t\t\t\t\t<div class=\"elementor-container elementor-column-gap-default\">\n\t\t\t\t\t\t\t<div class=\"elementor-row\">\n\t\t\t\t\t<div class=\"elementor-column elementor-col-100 elementor-top-column elementor-element elementor-element-e4a6f90\" data-id=\"e4a6f90\" data-element_type=\"column\">\n\t\t\t<div class=\"elementor-column-wrap elementor-element-populated\">\n\t\t\t\t\t\t\t<div class=\"elementor-widget-wrap\">\n\t\t\t\t\t\t<div class=\"elementor-element elementor-element-834193a elementor-widget elementor-widget-spacer\" data-id=\"834193a\" data-element_type=\"widget\" data-widget_type=\"spacer.default\">\n\t\t\t\t<div class=\"elementor-widget-container\">\n\t\t\t\t\t<div class=\"elementor-spacer\">\n\t\t\t<div class=\"elementor-spacer-inner\"><\/div>\n\t\t<\/div>\n\t\t\t\t<\/div>\n\t\t\t\t<\/div>\n\t\t\t\t<div class=\"elementor-element elementor-element-8331d41 elementor-widget elementor-widget-image\" data-id=\"8331d41\" data-element_type=\"widget\" data-widget_type=\"image.default\">\n\t\t\t\t<div class=\"elementor-widget-container\">\n\t\t\t\t\t\t\t\t<div class=\"elementor-image\">\n\t\t\t\t\t\t\t\t\t\t\t\t<img decoding=\"async\" width=\"640\" height=\"960\" src=\"https:\/\/www.lungta-equicoaching.com\/wp-content\/uploads\/2024\/02\/dance-2432910_1280-768x1152.jpg\" class=\"attachment-medium_large size-medium_large\" alt=\"\" loading=\"lazy\" srcset=\"https:\/\/www.lungta-equicoaching.com\/wp-content\/uploads\/2024\/02\/dance-2432910_1280-768x1152.jpg 768w, https:\/\/www.lungta-equicoaching.com\/wp-content\/uploads\/2024\/02\/dance-2432910_1280-200x300.jpg 200w, https:\/\/www.lungta-equicoaching.com\/wp-content\/uploads\/2024\/02\/dance-2432910_1280-682x1024.jpg 682w, https:\/\/www.lungta-equicoaching.com\/wp-content\/uploads\/2024\/02\/dance-2432910_1280.jpg 853w\" sizes=\"(max-width: 640px) 100vw, 640px\" \/>\t\t\t\t\t\t\t\t\t\t\t\t\t\t<\/div>\n\t\t\t\t\t\t<\/div>\n\t\t\t\t<\/div>\n\t\t\t\t<div class=\"elementor-element elementor-element-2e949b5 elementor-widget elementor-widget-spacer\" data-id=\"2e949b5\" data-element_type=\"widget\" data-widget_type=\"spacer.default\">\n\t\t\t\t<div class=\"elementor-widget-container\">\n\t\t\t\t\t<div class=\"elementor-spacer\">\n\t\t\t<div class=\"elementor-spacer-inner\"><\/div>\n\t\t<\/div>\n\t\t\t\t<\/div>\n\t\t\t\t<\/div>\n\t\t\t\t<div class=\"elementor-element elementor-element-23e8e03 elementor-widget elementor-widget-text-editor\" data-id=\"23e8e03\" data-element_type=\"widget\" data-widget_type=\"text-editor.default\">\n\t\t\t\t<div class=\"elementor-widget-container\">\n\t\t\t\t\t\t\t\t<div class=\"elementor-text-editor elementor-clearfix\">\n\t\t\t\t<p style=\"text-align: left;\">Mes filles ont 17 ans et 14 ans. Elles ne sont jamais all\u00e9es \u00e0 l&#8217;\u00e9cole jusqu&#8217;en septembre 2023 o\u00f9 elles ont choisi de tenter l&#8217;exp\u00e9rience et de d\u00e9couvrir cet univers.&nbsp;<\/p>\n<p style=\"text-align: left;\">Le deuxi\u00e8me trimestre venant de se terminer pour les classes de seconde, ma fille ain\u00e9e est revenue un soir de cette semaine avec ses appr\u00e9ciations pour ce deuxi\u00e8me trimestre. Elle a eu d&#8217;excellentes appr\u00e9ciations et surtout des \u00e9loges car, selon le retour de sa d\u00e9l\u00e9gu\u00e9e de classe qui lui a fait un compte-rendu du conseil de classe, tous ses profs sont surpris et m\u00eame &#8220;choqu\u00e9s&#8221;, selon ses propres mots, qu&#8217;elle ait d&#8217;aussi bons r\u00e9sultats &#8220;alors qu&#8217;elle n&#8217;est jamais all\u00e9e \u00e0 l&#8217;\u00e9cole&#8221;.&nbsp;<\/p>\n<p style=\"text-align: left;\">Ma premi\u00e8re r\u00e9action a \u00e9t\u00e9 d&#8217;\u00e9clater de rire. J&#8217;ai ri car je suis toujours navr\u00e9e d&#8217;entendre encore aujourd&#8217;hui ce genre de remarque si na\u00efves. &nbsp;J&#8217;ai ri aussi car je dois avouer que mon c\u00f4t\u00e9 provoc&#8217; et un brin r\u00e9volutionnaire aime jeter ce genre de pav\u00e9 dans la mare (pour me marrer \ud83d\ude09 !) et ainsi choquer, effectivement, et du coup faire bouger un minimum les consciences sur ce sujet de l&#8217;instruction en famille qui ne devrait plus, d&#8217;apr\u00e8s moi, \u00eatre aussi ignor\u00e9 et peu connu de l&#8217;Education Nationale et plus largement de la population en g\u00e9n\u00e9ral. Mais visiblement, l&#8217;instruction en famille est toujours un monde \u00e0 part, inconnu.&nbsp;<\/p>\n<p style=\"text-align: left;\">Un monde inconnu et surtout plein de pr\u00e9jug\u00e9s de la part de ceux qui ne s&#8217;y int\u00e9ressent pas. Comme celui-ci, donc &#8230; : &#8220;les enfants qui ne vont pas \u00e0 l&#8217;\u00e9cole ont la t\u00eate vide, ils ne connaissent rien, n&#8217;apprennent rien, sont incultes et n&#8217;arriveront \u00e0 rien dans la vie. Et s&#8217;ils d\u00e9cident finalement d&#8217;aller \u00e0 l&#8217;\u00e9cole, ils seront \u00e0 la ramasse, ne pourront jamais rattraper leur retard, seront en grandes difficult\u00e9s scolaires&#8221;.&nbsp;<\/p>\n<p style=\"text-align: left;\">Dans tous les cas, ils sont perdus &#8230;.&nbsp;<\/p>\n<p style=\"text-align: left;\">Ma deuxi\u00e8me r\u00e9action a donc \u00e9t\u00e9 de ressentir de l&#8217;agacement et de la col\u00e8re.&nbsp;<\/p>\n<p style=\"text-align: left;\">Je suis en col\u00e8re contre ce syst\u00e8me scolaire. Je suis en col\u00e8re contre notre soci\u00e9t\u00e9. Je suis en col\u00e8re qu&#8217;aujourd&#8217;hui encore, avec tout le recul qu&#8217;on a sur l&#8217;instruction en famille &#8211; surtout dans les pays anglo-saxons c&#8217;est vrai, pas en France h\u00e9las &#8211; nous ayons si peu pris connaissance et pris du recul sur les apprentissages autonomes \/ apprentissages auto-g\u00e9r\u00e9s \/ unschooling que nous retrouvons majoritairement dans les p\u00e9dagogies choisies par les familles qui ne scolarisent pas leurs enfants et malgr\u00e9 le nombre &#8211; assez &#8211; importants d&#8217;\u00e9tudes pertinentes sur ces sujets.<\/p>\n<p style=\"text-align: left;\"><strong>En fait, je suis surtout en col\u00e8re et tr\u00e8s triste pour tous ces enfants scolaris\u00e9s \u00e0 qui on sacrifie leur enfance.&nbsp;<\/strong><\/p>\n<p style=\"text-align: left;\">Il est grand temps d&#8217;ouvrir les yeux sur le fait que l&#8217;\u00e9cole a \u00e9t\u00e9 cr\u00e9\u00e9e initialement pour&nbsp;<span style=\"font-family: Roboto, sans-serif; font-size: 15px; font-style: normal; color: var( --e-global-color-text );\">fabriquer des ouvriers,<\/span><span style=\"color: var( --e-global-color-text );\">&nbsp;asservir les peuples, embrigader les enfants et d\u00e9naturer l&#8217;enfance si pr\u00e9cieuse pour se construire. L&#8217;\u00e9cole s&#8217;est beaucoup d\u00e9mocratis\u00e9e apr\u00e8s la guerre 39-45&nbsp;<\/span><span style=\"color: var( --e-global-color-text );\">avec la &#8220;lib\u00e9ration de la femme&#8221; qui pouvait du coup faire garder ses enfants pour aller travailler. On a fait de l&#8217;\u00e9cole la nouvelle religion qu&#8217;on ne doit surtout pas critiquer. Comme on allait \u00e0 la messe tous les jours, \u00e0 une \u00e9poque, \u00e9couter le pr\u00eatre d\u00e9blat\u00e9rer ce que les bonnes \u00e2mes devaient penser, les enfants et les \u00e9tudiants sont depuis environ un si\u00e8cle contraints d&#8217;aller \u00e0 l&#8217;\u00e9cole tous les jours pour \u00e9couter ce que le ma\u00eetre leur dit d&#8217;apprendre, de croire ou de penser.&nbsp;<\/span><span style=\"font-size: 15px; color: var( --e-global-color-text );\">Il est maintenant acquis, apr\u00e8s ce si\u00e8cle de conditionnement, qu&#8217;un enfant ne peut grandir &#8220;normalement&#8221; et &#8220;r\u00e9ussir dans la vie&#8221;, &#8220;devenir quelqu&#8217;un&#8221;, s&#8217;il ne va pas \u00e0 l&#8217;\u00e9cole, s&#8217;il n&#8217;apprend pas ce que le Dieu-Etat, via l&#8217;Education Nationale, a d\u00e9cid\u00e9 qu&#8217;il devait apprendre.&nbsp;<\/span><\/p>\n<p style=\"text-align: left;\">Alors laissez moi vous expliquer pourquoi je pense qu&#8217;on sacrifie l&#8217;enfance des enfants scolaris\u00e9s :&nbsp;<\/p>\n<p style=\"text-align: left;\">&#8211; un enfant doit pouvoir dormir autant qu&#8217;il le souhaite. Le sommeil est un des processus naturel les plus important pour grandir en bonne sant\u00e9, physique comme mentale. La plupart des enfants sont tir\u00e9s du lit d\u00e8s leur 3 ans trop t\u00f4t le matin alors qu&#8217;ils n&#8217;ont pas fini leur nuit. A l&#8217;\u00e2ge de l&#8217;adolescence c&#8217;est une plaie pour eux car leur rythme biologique change : ils n&#8217;arrivent pas \u00e0 s&#8217;endormir t\u00f4t le soir et \u00e0 se r\u00e9veiller le matin (m\u00eame sans \u00e9crans \ud83d\ude09 !) ; \u00e7a a \u00e9t\u00e9 d\u00e9montr\u00e9, c&#8217;est juste naturel, les ados ont tendance \u00e0 vivre \u00e0 des horaires d\u00e9cal\u00e9es, donc leur demander d&#8217;\u00eatre en cours \u00e0 8h est un supplice pour eux et pas tr\u00e8s productif, m\u00eame les profs le disent.&nbsp;<\/p>\n<p style=\"text-align: left;\"><span style=\"font-size: 15px; color: var( --e-global-color-text );\">&#8211; un enfant a besoin de bouger librement. Plus ils sont petits plus ils ont besoin de courir, de sauter, de grimper. C&#8217;est physiologique. Notre corps est fait pour faire de l&#8217;exercice physique quotidiennement. Demander \u00e0 un enfant de 3 ans de rester assis \u00e0 \u00e9couter une histoire ou \u00e0 faire des coloriages toute la journ\u00e9e alors qu&#8217;il a envi de courir est un supplice.&nbsp;<\/span><\/p>\n<p style=\"text-align: left;\">&#8211; un enfant a besoin de jouer. Et \u00e7a, c&#8217;est peut-\u00eatre le plus important &#8230; Un enfant a besoin et surtout IL APPREND en jouant ! C&#8217;est d\u00e9montr\u00e9 ! C&#8217;est prouv\u00e9 ! Et toutes les familles instruisant \u00e0 domicile peuvent vous le dire ! Je pr\u00e9cise : apprendre par le jeu spontan\u00e9, initi\u00e9 par l&#8217;enfant lui-m\u00eame. Pas par le jeu contraint impos\u00e9 par un adulte. Oui, un enfant apprend TOUT par le jeu, c&#8217;est son occupation de pr\u00e9dilection. Tout cela est \u00e0 relier \u00e0 l&#8217;enthousiasme que \u00e7a g\u00e9n\u00e8re, et qui donne envie de poursuivre le jeu, \u00e0 la LIBERTE d&#8217;\u00eatre, d&#8217;explorer, de se tromper, de recommencer, d&#8217;exp\u00e9rimenter, de partager ses d\u00e9couvertes. Cette dynamique donne \u00e0 l&#8217;enfant l&#8217;envie de vouloir en apprendre toujours plus.<span style=\"color: var( --e-global-color-text );\">&nbsp;<\/span><span style=\"font-size: 15px; color: var( --e-global-color-text );\">On est loin, l\u00e0, de l&#8217;envie de la plupart des enfants scolaris\u00e9s de fuir l&#8217;\u00e9cole et d&#8217;\u00eatre en week-end ou en vacances d\u00e8s que possible, de leur \u00e9nergie blas\u00e9e face \u00e0 un cours de maths ou de fran\u00e7ais &nbsp;&#8230;&nbsp;<\/span><\/p>\n<p style=\"text-align: left;\"><span style=\"font-family: Roboto, sans-serif; font-size: 15px; font-style: normal; color: var( --e-global-color-text );\">L&#8217;apprentissage par le jeu concerne les enfants jusqu&#8217;\u00e0 l&#8217;adolescence. Ensuite, \u00e0&nbsp;<\/span><span style=\"font-family: Roboto, sans-serif; font-size: 15px; font-style: normal;\">l&#8217;adolescence<\/span><span style=\"font-family: Roboto, sans-serif; font-size: 15px; font-style: normal; color: var( --e-global-color-text );\">&nbsp;et une fois adulte, il est vrai que le jeu est beaucoup moins voire pas pr\u00e9sent du tout, mais l&#8217;apprentissage par l&#8217;enthousiasme et le plaisir reste le seul valable ; il y a une nette&nbsp;<\/span><span style=\"font-family: Roboto, sans-serif; font-size: 15px; font-style: normal;\">diff\u00e9rence entre une le\u00e7on apprise pour la restituer pour un contr\u00f4le et qui sera oubli\u00e9e juste apr\u00e8s et un savoir appris par&nbsp;<\/span>curiosit\u00e9, besoin et plaisir qui sera int\u00e9gr\u00e9 toute sa vie parce que r\u00e9pondant \u00e0 un r\u00e9el besoin ou int\u00e9r\u00eat.&nbsp;<\/p>\n<p style=\"text-align: left;\">J&#8217;ai une pr\u00e9cision \u00e0 apporter par rapport \u00e0 cet apprentissage par le jeu et qui fait, l\u00e0 encore, une grosse diff\u00e9rence avec l&#8217;\u00e9cole : dans ce type d&#8217;apprentissage volontaire, initi\u00e9 par l&#8217;enfant, auto-g\u00e9r\u00e9, l&#8217;apprentissage en question se fait TRES rapidement. Un exemple tr\u00e8s courant est celui de la lecture. Alors qu&#8217;il est laborieux \u00e0 l&#8217;\u00e9cole et s&#8217;\u00e9tend sur plusieurs ann\u00e9es, tous les jours, plusieurs heures par jours, en instruction en famille l&#8217;apprentissage de la lecture se fait le plus souvent en quelques semaines de temps cumul\u00e9. Je peux en t\u00e9moigner pour mes 2 filles et pour de nombreux enfants autour de moi. La raison \u00e0 cela est simple : l&#8217;enfant apprend quand il est pr\u00eat et quand il a plaisir \u00e0 le faire ; ainsi les nouvelles connaissances sont int\u00e9gr\u00e9es facilement, sans forcer quoi que ce soit. &nbsp;<\/p>\n<p style=\"text-align: left;\">&#8211; un enfant a besoin d&#8217;aller \u00e0 son rythme, que ce soit dans le rythme d&#8217;une journ\u00e9e (lev\u00e9, couch\u00e9, repas, activit\u00e9s diverses) mais aussi dans son rythme d&#8217;apprentissage. Il est courant en instruction en famille de rencontrer des enfants qui savent lire d\u00e8s 4 ans et d&#8217;autres qui n&#8217;apprennent \u00e0 lire qu&#8217;\u00e0 13 ans, des enfants qui n&#8217;ont jamais entendu parler de Pythagore \u00e0 17 ans mais qui deviennent de brillants physiciens, etc &#8230; &nbsp;Pourquoi et m\u00eame comment vouloir que tous les enfants scolaris\u00e9s sachent lire en CP, d\u00e8s 6 ans ?! Pourquoi doivent-ils tous savoir compter au m\u00eame \u00e2ge ? Et si t\u00f4t &#8230; Quelle pression sur ces enfants &#8230; !&nbsp;<\/p>\n<p style=\"text-align: left;\">&#8211; un enfant est nourri par ses propres centres d&#8217;int\u00e9r\u00eats. C&#8217;est aberrant pour moi de diffuser le m\u00eame contenu, les m\u00eames programmes \u00e0 tous les enfants de France ! Nous avons chacun des dons inn\u00e9s, des passions qui nous sont propres, des caract\u00e8res uniques, des sensibilit\u00e9s particuli\u00e8res. Pourquoi un enfant passionn\u00e9 par la musique devrait obligatoirement apprendre la physique ou les maths ou l&#8217;histoire ou &#8230; &nbsp;?! Quel est l&#8217;int\u00e9r\u00eat ?! On me r\u00e9torquera sans doute que c&#8217;est pour acqu\u00e9rir des bases, pour se d\u00e9brouiller dans la vie quotidienne ou au cas o\u00f9 il changerait de voie ; \u00e0 cela je r\u00e9pondrais que les bases s&#8217;acqui\u00e8rent au contact de la vie, tous les enfants apprennent un jour ou l&#8217;autre d&#8217;eux-m\u00eames \u00e0 lire et \u00e0 compter d\u00e8s lors qu&#8217;ils sont en contact avec le monde ET qu&#8217;ils ont besoin de ces comp\u00e9tences. &nbsp;On me dira aussi que c&#8217;est pour leur culture g\u00e9n\u00e9rale ; \u00e0 cela je r\u00e9pondrais que la culture g\u00e9n\u00e9rale est toute relative et absolument unique et personnelle ; un boulanger et un acad\u00e9micien ont tous les deux une culture g\u00e9n\u00e9rale mais bien diff\u00e9rente l&#8217;une de l&#8217;autre ; ils n&#8217;en sont pas moins cultiv\u00e9s l&#8217;un que l&#8217;autre.&nbsp;<\/p>\n<p style=\"text-align: left;\">&#8211; un enfant a besoin d&#8217;\u00eatre au contact de la nature. La nature nous ressource, la nature nous r\u00e9g\u00e9n\u00e8re, la nature nous apaise, la nature nous soigne. On parle de plus en plus ces derni\u00e8res ann\u00e9es du &#8220;trouble ou du syndrome du d\u00e9ficit de nature&#8221; pour les enfants mais aussi pour les adultes, ce qui cr\u00e9e des personnes stress\u00e9es, d\u00e9prim\u00e9es, fatigu\u00e9es, des troubles de l&#8217;attention et hyperactivit\u00e9 (et certainement d&#8217;autres sympt\u00f4mes qui paraissent sans lien direct avec ce manque de contact avec la nature). Sans parler du manque de soleil et de lumi\u00e8re naturelle, vitale pour notre bien-\u00eatre et notre sant\u00e9. Comment est-ce possible de vivre dans des bo\u00eetes (maison, voiture, \u00e9cole, salle de sport, supermarch\u00e9) quasiment 365 jours \/ an, 5 (voire 7) jours \/7 ?! &nbsp;<\/p>\n<p style=\"text-align: left;\"><span style=\"font-size: 15px; color: var( --e-global-color-text );\">En plus de tous ces besoins inn\u00e9s de l&#8217;enfant, quelque chose me choque dans ce syst\u00e8me scolaire : suis-je la seule \u00e0 rapprocher le fonctionnement de ces \u00e9coles \u00e0 un univers carc\u00e9ral ? Les enfants sont des prisonniers en libert\u00e9 conditionnelle. Tous les matins ils doivent pointer \u00e0 l&#8217;heure sinon ils sont punis. Ils sont enferm\u00e9s \u00e0 double tour dans des lieux entour\u00e9s de hauts grillages (oui, les portails sont ferm\u00e9s \u00e0 cl\u00e9 ) pour que personne ne s&#8217;\u00e9chappe et sont cloitr\u00e9s toute la journ\u00e9e dans des cellules \/ classes o\u00f9 ils doivent rendre des compte et recevoir leur bonne ou mauvaise appr\u00e9ciation, voire leur punition. Les seuls moments o\u00f9 ils peuvent sortir c&#8217;est dans une cour en b\u00e9ton aseptis\u00e9e, sans herbe, sans arbres pour certaines. Ils travaillent plus que des adultes (heures de cours + devoirs), mais sans aucune r\u00e9mun\u00e9ration.&nbsp;<\/span><\/p>\n<p style=\"text-align: left;\">Bon sang ! Est-ce normal de traiter des enfants ainsi ?!<\/p>\n<p style=\"text-align: left;\">Les enfants scolaris\u00e9s n&#8217;ont pas l&#8217;enfance qu&#8217;ils m\u00e9ritent. Ils n&#8217;ont pas l&#8217;enfance que la Vie a pr\u00e9vue pour des enfants. Il n&#8217;y a plus aucune libert\u00e9 &#8230;&nbsp;<\/p>\n<p style=\"text-align: left;\">Les enfants instruits en famille le sont la majorit\u00e9 du temps dans le respect de leur rythme biologique, dans le respect de leur rythme d&#8217;apprentissage et dans le respect de leur personnalit\u00e9 unique. Ils passent leur temps \u00e0 jouer, oui, comme des enfants. Ils passent leur temps \u00e0 Vivre. Parce que c&#8217;est \u00e7a la Vie : vivre \u00e0 son rythme, au contact de la Nature et de sa nature, centr\u00e9 sur sa Joie, dans le mouvement de ce qui se pr\u00e9sente \u00e0 notre coeur au quotidien ; c&#8217;est \u00e9couter sa propre voix, la seule qui est importante ; c&#8217;est ainsi que l&#8217;on reste connect\u00e9 \u00e0 qui l&#8217;on est vraiment et qu&#8217;on \u00e9vite de se perdre en chemin.&nbsp;<\/p>\n<p style=\"text-align: left;\">Personne ne sait mieux que nous-m\u00eames ce qui est important pour nous, c&#8217;est ce que les adultes r\u00e9-apprennent actuellement dans les stages et th\u00e9rapies de &#8220;d\u00e9veloppement personnel&#8221; &#8230; ! Si ces adultes n&#8217;\u00e9taient pas all\u00e9s \u00e0 l&#8217;\u00e9cole, sans doute n&#8217;auraient-ils pas besoin de r\u00e9-apprendre \u00e0 \u00e9couter la voix de leur coeur &#8230;. D&#8217;ailleurs, vous remarquerez que tous ces besoins que j&#8217;ai cit\u00e9s pour les enfants sont valables pour les adultes ; c&#8217;est int\u00e9ressant de voir comment les adultes autrefois scolaris\u00e9s ont int\u00e9gr\u00e9 que le mode de fonctionnement qu&#8217;ils ont v\u00e9cu lors de leur scolarit\u00e9 est normal et le reproduisent donc dans leur vie quotidienne et professionnelle d&#8217;adulte &#8230;&nbsp;<\/p>\n<p style=\"text-align: left;\">Vraiment, plus j&#8217;y pense et plus j&#8217;hallucine sur cette vie qui est pure folie.&nbsp;<\/p>\n<p style=\"text-align: left;\">\n<\/p><p style=\"text-align: left;\">Pour tout \u00e7a : <strong>LIBERONS LES ENFANTS ! POUR LIBERER LES ADULTES &#8230;&nbsp;<\/strong><\/p>\n<p><\/p>\n<p style=\"text-align: left;\">Repensons tout notre&nbsp;mode de vie pour nous&nbsp;d\u00e9barrasser de l&#8217;\u00e9cole telle qu&#8217;on la connait aujourd&#8217;hui.&nbsp;<\/p>\n<p style=\"text-align: left;\"><strong>&nbsp;<\/strong><\/p>\n<p style=\"text-align: center;\"><b>&nbsp; &nbsp; &nbsp; &nbsp; &nbsp; &nbsp; &nbsp; &nbsp; &nbsp; &nbsp; &nbsp; &nbsp; &nbsp; &nbsp; &nbsp; &nbsp; &nbsp; &nbsp; &nbsp; &nbsp; &nbsp; &nbsp;&nbsp;<\/b><\/p>\n<p style=\"text-align: left;\"><em><br><\/em><\/p>\n<p style=\"text-align: left;\"><em>Si vous souhaitez des r\u00e9f\u00e9rences de lecture sur ces sujets, demandez-moi.<\/em><\/p>\n<p style=\"text-align: left;\"><i>Je souhaite aussi pr\u00e9ciser que cet \u00e9tat des lieux du syst\u00e8me scolaire versus l&#8217;instruction en famille \/ la vie sans \u00e9cole n&#8217;est pas exag\u00e9r\u00e9 ou caricatur\u00e9, mais qu&#8217;il existe&nbsp;\u00e9videmment de tr\u00e8s belles et trop rares initiatives dans le milieu&nbsp;scolaire, de tr\u00e8s belles personnes \/ professeurs, qui essaient de faire bouger les choses et d&#8217;accompagner de fa\u00e7on sensible et intelligente (l&#8217;intelligence du coeur) leurs \u00e9l\u00e8ves ; et qu&#8217;\u00e0 l&#8217;inverse il existe des familles qui font &#8220;l&#8217;\u00e9cole \u00e0 la maison&#8221; &nbsp;&#8230; comme \u00e0 l&#8217;\u00e9cole &#8230;.<\/i><\/p>\t\t\t\t\t<\/div>\n\t\t\t\t\t\t<\/div>\n\t\t\t\t<\/div>\n\t\t\t\t\t\t<\/div>\n\t\t\t\t\t<\/div>\n\t\t<\/div>\n\t\t\t\t\t\t\t\t<\/div>\n\t\t\t\t\t<\/div>\n\t\t<\/section>\n\t\t\t\t\t\t\t\t\t<\/div>\n\t\t\t<\/div>\n\t\t\t\t\t<\/div>\n\t\t","protected":false},"excerpt":{"rendered":"<p>Lib\u00e9rons les enfants ! Mes filles ont 17 ans et 14 ans. Elles ne sont jamais all\u00e9es \u00e0 l&#8217;\u00e9cole jusqu&#8217;en septembre 2023 o\u00f9 elles ont choisi de tenter l&#8217;exp\u00e9rience et de d\u00e9couvrir cet univers.&nbsp; Le [&hellip;]<\/p>\n","protected":false},"author":1,"featured_media":0,"comment_status":"closed","ping_status":"open","sticky":false,"template":"","format":"standard","meta":[],"categories":[14,12],"tags":[],"_links":{"self":[{"href":"https:\/\/www.lungta-equicoaching.com\/index.php\/wp-json\/wp\/v2\/posts\/2336"}],"collection":[{"href":"https:\/\/www.lungta-equicoaching.com\/index.php\/wp-json\/wp\/v2\/posts"}],"about":[{"href":"https:\/\/www.lungta-equicoaching.com\/index.php\/wp-json\/wp\/v2\/types\/post"}],"author":[{"embeddable":true,"href":"https:\/\/www.lungta-equicoaching.com\/index.php\/wp-json\/wp\/v2\/users\/1"}],"replies":[{"embeddable":true,"href":"https:\/\/www.lungta-equicoaching.com\/index.php\/wp-json\/wp\/v2\/comments?post=2336"}],"version-history":[{"count":53,"href":"https:\/\/www.lungta-equicoaching.com\/index.php\/wp-json\/wp\/v2\/posts\/2336\/revisions"}],"predecessor-version":[{"id":2411,"href":"https:\/\/www.lungta-equicoaching.com\/index.php\/wp-json\/wp\/v2\/posts\/2336\/revisions\/2411"}],"wp:attachment":[{"href":"https:\/\/www.lungta-equicoaching.com\/index.php\/wp-json\/wp\/v2\/media?parent=2336"}],"wp:term":[{"taxonomy":"category","embeddable":true,"href":"https:\/\/www.lungta-equicoaching.com\/index.php\/wp-json\/wp\/v2\/categories?post=2336"},{"taxonomy":"post_tag","embeddable":true,"href":"https:\/\/www.lungta-equicoaching.com\/index.php\/wp-json\/wp\/v2\/tags?post=2336"}],"curies":[{"name":"wp","href":"https:\/\/api.w.org\/{rel}","templated":true}]}}