{"id":1023,"date":"2020-04-14T17:06:10","date_gmt":"2020-04-14T15:06:10","guid":{"rendered":"http:\/\/www.lungta-equicoaching.com\/?p=1023"},"modified":"2021-03-15T18:49:50","modified_gmt":"2021-03-15T17:49:50","slug":"limportance-de-ta-qualite-vibratoire","status":"publish","type":"post","link":"https:\/\/www.lungta-equicoaching.com\/index.php\/2020\/04\/14\/limportance-de-ta-qualite-vibratoire\/","title":{"rendered":"L&#8217;importance de ta qualit\u00e9 vibratoire"},"content":{"rendered":"\t\t<div data-elementor-type=\"wp-post\" data-elementor-id=\"1023\" class=\"elementor elementor-1023\">\n\t\t\t\t\t\t<div class=\"elementor-inner\">\n\t\t\t\t<div class=\"elementor-section-wrap\">\n\t\t\t\t\t\t\t\t\t<section class=\"elementor-section elementor-top-section elementor-element elementor-element-b78c590 elementor-section-boxed elementor-section-height-default elementor-section-height-default\" data-id=\"b78c590\" data-element_type=\"section\">\n\t\t\t\t\t\t<div class=\"elementor-container elementor-column-gap-default\">\n\t\t\t\t\t\t\t<div class=\"elementor-row\">\n\t\t\t\t\t<div class=\"elementor-column elementor-col-100 elementor-top-column elementor-element elementor-element-a68cb30\" data-id=\"a68cb30\" data-element_type=\"column\">\n\t\t\t<div class=\"elementor-column-wrap elementor-element-populated\">\n\t\t\t\t\t\t\t<div class=\"elementor-widget-wrap\">\n\t\t\t\t\t\t<div class=\"elementor-element elementor-element-8fd45c6 elementor-widget elementor-widget-heading\" data-id=\"8fd45c6\" data-element_type=\"widget\" data-widget_type=\"heading.default\">\n\t\t\t\t<div class=\"elementor-widget-container\">\n\t\t\t<h2 class=\"elementor-heading-title elementor-size-default\">L'importance de ta qualit\u00e9 vibratoire pour construire ta r\u00e9alit\u00e9<\/h2>\t\t<\/div>\n\t\t\t\t<\/div>\n\t\t\t\t\t\t<\/div>\n\t\t\t\t\t<\/div>\n\t\t<\/div>\n\t\t\t\t\t\t\t\t<\/div>\n\t\t\t\t\t<\/div>\n\t\t<\/section>\n\t\t\t\t<section class=\"elementor-section elementor-top-section elementor-element elementor-element-6f5e739 elementor-section-boxed elementor-section-height-default elementor-section-height-default\" data-id=\"6f5e739\" data-element_type=\"section\">\n\t\t\t\t\t\t<div class=\"elementor-container elementor-column-gap-default\">\n\t\t\t\t\t\t\t<div class=\"elementor-row\">\n\t\t\t\t\t<div class=\"elementor-column elementor-col-100 elementor-top-column elementor-element elementor-element-84c1a50\" data-id=\"84c1a50\" data-element_type=\"column\">\n\t\t\t<div class=\"elementor-column-wrap elementor-element-populated\">\n\t\t\t\t\t\t\t<div class=\"elementor-widget-wrap\">\n\t\t\t\t\t\t<div class=\"elementor-element elementor-element-82d2f7c elementor-widget elementor-widget-spacer\" data-id=\"82d2f7c\" data-element_type=\"widget\" data-widget_type=\"spacer.default\">\n\t\t\t\t<div class=\"elementor-widget-container\">\n\t\t\t\t\t<div class=\"elementor-spacer\">\n\t\t\t<div class=\"elementor-spacer-inner\"><\/div>\n\t\t<\/div>\n\t\t\t\t<\/div>\n\t\t\t\t<\/div>\n\t\t\t\t<div class=\"elementor-element elementor-element-db7c0ca elementor-widget elementor-widget-image\" data-id=\"db7c0ca\" data-element_type=\"widget\" data-widget_type=\"image.default\">\n\t\t\t\t<div class=\"elementor-widget-container\">\n\t\t\t\t\t\t\t\t<div class=\"elementor-image\">\n\t\t\t\t\t\t\t\t\t\t\t\t<img decoding=\"async\" width=\"640\" height=\"640\" src=\"https:\/\/www.lungta-equicoaching.com\/wp-content\/uploads\/2020\/04\/15589591_358168631231449_1016254318292146243_n-768x768.jpg\" class=\"attachment-medium_large size-medium_large\" alt=\"\" loading=\"lazy\" srcset=\"https:\/\/www.lungta-equicoaching.com\/wp-content\/uploads\/2020\/04\/15589591_358168631231449_1016254318292146243_n-768x768.jpg 768w, https:\/\/www.lungta-equicoaching.com\/wp-content\/uploads\/2020\/04\/15589591_358168631231449_1016254318292146243_n-150x150.jpg 150w, https:\/\/www.lungta-equicoaching.com\/wp-content\/uploads\/2020\/04\/15589591_358168631231449_1016254318292146243_n-300x300.jpg 300w, https:\/\/www.lungta-equicoaching.com\/wp-content\/uploads\/2020\/04\/15589591_358168631231449_1016254318292146243_n.jpg 960w\" sizes=\"(max-width: 640px) 100vw, 640px\" \/>\t\t\t\t\t\t\t\t\t\t\t\t\t\t<\/div>\n\t\t\t\t\t\t<\/div>\n\t\t\t\t<\/div>\n\t\t\t\t\t\t<\/div>\n\t\t\t\t\t<\/div>\n\t\t<\/div>\n\t\t\t\t\t\t\t\t<\/div>\n\t\t\t\t\t<\/div>\n\t\t<\/section>\n\t\t\t\t<section class=\"elementor-section elementor-top-section elementor-element elementor-element-843f68c elementor-section-boxed elementor-section-height-default elementor-section-height-default\" data-id=\"843f68c\" data-element_type=\"section\">\n\t\t\t\t\t\t<div class=\"elementor-container elementor-column-gap-default\">\n\t\t\t\t\t\t\t<div class=\"elementor-row\">\n\t\t\t\t\t<div class=\"elementor-column elementor-col-100 elementor-top-column elementor-element elementor-element-e1b2a0a\" data-id=\"e1b2a0a\" data-element_type=\"column\">\n\t\t\t<div class=\"elementor-column-wrap elementor-element-populated\">\n\t\t\t\t\t\t\t<div class=\"elementor-widget-wrap\">\n\t\t\t\t\t\t<div class=\"elementor-element elementor-element-bd5cd3d elementor-widget elementor-widget-spacer\" data-id=\"bd5cd3d\" data-element_type=\"widget\" data-widget_type=\"spacer.default\">\n\t\t\t\t<div class=\"elementor-widget-container\">\n\t\t\t\t\t<div class=\"elementor-spacer\">\n\t\t\t<div class=\"elementor-spacer-inner\"><\/div>\n\t\t<\/div>\n\t\t\t\t<\/div>\n\t\t\t\t<\/div>\n\t\t\t\t<div class=\"elementor-element elementor-element-e2a6d10 elementor-widget elementor-widget-text-editor\" data-id=\"e2a6d10\" data-element_type=\"widget\" data-widget_type=\"text-editor.default\">\n\t\t\t\t<div class=\"elementor-widget-container\">\n\t\t\t\t\t\t\t\t<div class=\"elementor-text-editor elementor-clearfix\">\n\t\t\t\t<p>Je me suis prise une belle claque hier apr\u00e8s-midi <span class=\"_5mfr\"><span class=\"_6qdm\"><img decoding=\"async\" class=\"emoji\" draggable=\"false\" src=\"https:\/\/s.w.org\/images\/core\/emoji\/11\/svg\/1f615.svg\" alt=\"\ud83d\ude15\" \/><\/span><\/span>&#8230; Un beau rappel comme je n&#8217;aime pas en vivre mais qui est pourtant n\u00e9cessaire pour me faire prendre conscience de ce qui est fondamental, surtout en cette p\u00e9riode tr\u00e8s particuli\u00e8re &#8230;.<\/p><p>Je te raconte ?<\/p><p>Allez, je laisse ma pudeur et ma vuln\u00e9rabilit\u00e9 de c\u00f4t\u00e9 pour te partager ce que j&#8217;ai retenu de cette exp\u00e9rience car c&#8217;est FONDAMENTAL.<\/p><p>Hier apr\u00e8s-midi, donc, apr\u00e8s une matin\u00e9e bof, un peu \u00e9gay\u00e9e par les oeufs de P\u00e2ques mais o\u00f9 je sentais d\u00e9j\u00e0 une tension latente, j&#8217;ai commenc\u00e9 \u00e0 regarder une vid\u00e9o sur l&#8217;\u00e9tat de notre monde autour de cette pand\u00e9mie. Certes, elle \u00e9tait passionnante mais en m\u00eame temps elle a fait monter en moi beaucoup de col\u00e8re et d&#8217;impuissance. <br \/>La col\u00e8re et l&#8217;impuissance sont deux \u00e9motions qui sur une \u00e9chelle vibratoire vibrent tr\u00e8s bas.<\/p><p>Au milieu de cette vid\u00e9o, je me suis interrompue pour sortir me promener en famille. A peine sortis, nous avons \u00e9t\u00e9 interpell\u00e9s par le voisin qui \u00e9tait en panique face \u00e0 un serpent sur le trottoir devant sa maison ; il nous demandait de l&#8217;aide pour le tuer. N&#8217;ayant pas particuli\u00e8rement peur des serpents, nous nous sommes approch\u00e9s pour voir s&#8217;il s&#8217;agissait d&#8217;une couleuvre ou d&#8217;une vip\u00e8re, mais la b\u00eate \u00e9tait bien cach\u00e9e derri\u00e8re une poubelle. Nous avons commenc\u00e9 par proposer au voisin de capturer le serpent et de le rel\u00e2cher plus loin mais lui et sa femme \u00e9taient tellement apeur\u00e9s et inquiets qu&#8217;il revienne et rentre dans leur maison qu&#8217;ils tenaient \u00e0 le tuer, tout en \u00e9tant incapables de le faire de peur de s&#8217;en approcher. Mon compagnon et le voisin ont donc tu\u00e9 ce qui s&#8217;av\u00e8rait \u00eatre une couleuvre ; mes filles \u00e9tant parties en courant et en pleurant pour ne pas voir \u00e7a et moi, prostr\u00e9e, les larmes aux yeux et boulevers\u00e9e au fond de moi <span class=\"_5mfr\"><span class=\"_6qdm\"><img decoding=\"async\" class=\"emoji\" draggable=\"false\" src=\"https:\/\/s.w.org\/images\/core\/emoji\/11\/svg\/1f97a.svg\" alt=\"\ud83e\udd7a\" \/><\/span><\/span>.<\/p><p>Sous le choc, nous sommes repartis nous promener &#8230; <br \/>Et l\u00e0, quelques m\u00e8tres apr\u00e8s \u00eatre sortie du champ vibratoire de ces voisins, la conscience \u00e0 nouveau plus claire, j&#8217;ai eu une r\u00e9v\u00e9lation : nous ne nous sommes pas respect\u00e9s, moi et ma famille ; JE ne me suis pas respect\u00e9e !!! J&#8217;ai laiss\u00e9 mon pouvoir \u00e0 ces voisins !!! J&#8217;ai laiss\u00e9 mon \u00e9nergie \u00eatre happ\u00e9e, vampiris\u00e9e par cette situation !!! Et je sais tr\u00e8s bien comment &#8230;. : <br \/>&#8211; Je suis sortie de chez moi dans une vibration tr\u00e8s basse et ai donc attir\u00e9 \u00e0 moi des \u00e9nergies tr\u00e8s basses. <br \/>&#8211; Etant dans des \u00e9nergies basses, d\u00e9salign\u00e9e de mon centre, de mon coeur, \u00e9tant surtout dans mon mental, dans ma col\u00e8re, etc &#8230; il m&#8217;\u00e9tait tr\u00e8s difficile (mais pas impossible &#8230; <span class=\"_5mfr\"><span class=\"_6qdm\"><img decoding=\"async\" class=\"emoji\" draggable=\"false\" src=\"https:\/\/s.w.org\/images\/core\/emoji\/11\/svg\/1f61e.svg\" alt=\"\ud83d\ude1e\" \/><\/span><\/span>) de ne pas me laisser influencer par l&#8217;\u00e9nergie des autres personnes.<\/p><p>Si j&#8217;avais \u00e9t\u00e9 en pleine forme, dans une vibration de joie tr\u00e8s haute, il y a tr\u00e8s peu de chance que je me serais laiss\u00e9e embarquer dans cette situation. D\u00e9j\u00e0, sans doute ne serions-nous pas tomb\u00e9s sur le voisin en panique devant son serpent. Ou sinon, bien centr\u00e9e et align\u00e9e, je lui aurais simplement dit, en me respectant pleinement, que je ne pouvais pas l&#8217;aider, refusant de tuer cet animal.<\/p><p>L&#8217;exp\u00e9rience ne s&#8217;arr\u00eate pas l\u00e0 <span class=\"_5mfr\"><span class=\"_6qdm\"><img decoding=\"async\" class=\"emoji\" draggable=\"false\" src=\"https:\/\/s.w.org\/images\/core\/emoji\/11\/svg\/1f609.svg\" alt=\"\ud83d\ude09\" \/><\/span><\/span>. Alors que nous \u00e9tions repartis nous promener, lourds, tristes, plomb\u00e9s, beaucoup en col\u00e8re contre moi-m\u00eame pour ma part, nous avons \u00e9t\u00e9 contr\u00f4l\u00e9s par des gendarmes ; sur un chemin, au milieu des champs (!) et alors que depuis un mois que nous sommes confin\u00e9s je n&#8217;ai jamais \u00e9t\u00e9 contr\u00f4l\u00e9e, m\u00eame en ville quand je sors faire des courses. Vous pouvez y voir l\u00e0 une co\u00efncidence, mais pour ma part je ne crois plus depuis longtemps aux co\u00efncidences et autres hasards <span class=\"_5mfr\"><span class=\"_6qdm\"><img decoding=\"async\" class=\"emoji\" draggable=\"false\" src=\"https:\/\/s.w.org\/images\/core\/emoji\/11\/svg\/1f609.svg\" alt=\"\ud83d\ude09\" \/><\/span><\/span>. Depuis un mois, et m\u00eame plus, nous n&#8217;avions pas, moi et ma famille, \u00e9t\u00e9 dans une vibration aussi basse. Pour moi, tout ce qui a trait au contr\u00f4le, au pouvoir, \u00e0 la restriction des libert\u00e9s, dont les gendarmes font partie, vibre tr\u00e8s tr\u00e8s bas &#8230;. Donc pas \u00e9tonnant que nous ayons \u00e9t\u00e9 contr\u00f4l\u00e9s hier.<\/p><p>Pfff, je peux vous dire que je suis rentr\u00e9e de cette promenade bien chamboul\u00e9e ! Et en m\u00eame temps, ce matin, avec le recul, je me sens tellement pleine de gratitude car j&#8217;ai v\u00e9cu encore un exemple hyper puissant sur l&#8217;importance de notre vibration pour attirer \u00e0 nous les \u00e9v\u00e8nements positifs que nous pr\u00e9f\u00e9rons tous vivre.<\/p><p><span class=\"_5mfr\"><span class=\"_6qdm\"><img decoding=\"async\" class=\"emoji\" draggable=\"false\" src=\"https:\/\/s.w.org\/images\/core\/emoji\/11\/svg\/1f31f.svg\" alt=\"\ud83c\udf1f\" \/><\/span><\/span><span class=\"_5mfr\"><span class=\"_6qdm\"><img decoding=\"async\" class=\"emoji\" draggable=\"false\" src=\"https:\/\/s.w.org\/images\/core\/emoji\/11\/svg\/1f31f.svg\" alt=\"\ud83c\udf1f\" \/><\/span><\/span><span class=\"_5mfr\"><span class=\"_6qdm\"><img decoding=\"async\" class=\"emoji\" draggable=\"false\" src=\"https:\/\/s.w.org\/images\/core\/emoji\/11\/svg\/1f31f.svg\" alt=\"\ud83c\udf1f\" \/><\/span><\/span><span class=\"_5mfr\"><span class=\"_6qdm\"><img decoding=\"async\" class=\"emoji\" draggable=\"false\" src=\"https:\/\/s.w.org\/images\/core\/emoji\/11\/svg\/1f31f.svg\" alt=\"\ud83c\udf1f\" \/><\/span><\/span><span class=\"_5mfr\"><span class=\"_6qdm\"><img decoding=\"async\" class=\"emoji\" draggable=\"false\" src=\"https:\/\/s.w.org\/images\/core\/emoji\/11\/svg\/1f31f.svg\" alt=\"\ud83c\udf1f\" \/><\/span><\/span><\/p><p>Voici ce que je retiens de cette exp\u00e9rience, que j&#8217;avais d\u00e9j\u00e0 pourtant exp\u00e9riment\u00e9, mais parfois les piqures de rappel sont n\u00e9cessaires <span class=\"_5mfr\"><span class=\"_6qdm\"><img decoding=\"async\" class=\"emoji\" draggable=\"false\" src=\"https:\/\/s.w.org\/images\/core\/emoji\/11\/svg\/1f609.svg\" alt=\"\ud83d\ude09\" \/><\/span><\/span> :<\/p><p><span class=\"_5mfr\" style=\"font-size: 17px;\"><span class=\"_6qdm\"><img decoding=\"async\" class=\"emoji\" draggable=\"false\" src=\"https:\/\/s.w.org\/images\/core\/emoji\/11\/svg\/1f31f.svg\" alt=\"\ud83c\udf1f\" \/><\/span><\/span><span style=\"font-size: 17px;\"> Ma vibration se propage, s&#8217;infuse chez les autres (ici, ma famille en l&#8217;occurence). Je dois donc y faire tr\u00e8s attention si je veux prendre soin d&#8217;eux.\u00a0<\/span><\/p><p>Je pense que si mon conjoint ou mes filles avaient \u00e9t\u00e9 dans une \u00e9nergie tr\u00e8s positive, celle-ci aurait pu contrebalancer la mienne, mais \u00e7a n&#8217;\u00e9tait pas le cas, ou pas suffisamment.<br \/>Bien-s\u00fbr, l&#8217;inverse est vrai. Je suis tr\u00e8s perm\u00e9able aux \u00e9nergies de ceux qui m&#8217;entourent, y compris les inconnus que je rencontre ou ce voisin ; d&#8217;o\u00f9 l&#8217;importance de s&#8217;\u00e9couter et de prendre notes des \u00e9nergies qui m&#8217;appartiennent et de celles qui m&#8217;agressent.<\/p><p><span class=\"_5mfr\"><span class=\"_6qdm\"><img decoding=\"async\" class=\"emoji\" draggable=\"false\" src=\"https:\/\/s.w.org\/images\/core\/emoji\/11\/svg\/1f31f.svg\" alt=\"\ud83c\udf1f\" \/><\/span><\/span> Ma qualit\u00e9 vibratoire \/ mon taux vibratoire \/ la fr\u00e9quence \u00e0 laquelle je vibre attire des \u00e9v\u00e8nements qui ont une vibration proche de la mienne. D&#8217;o\u00f9 l&#8217;importance d&#8217;en prendre soin si je pr\u00e9f\u00e8re vivre des choses agr\u00e9ables <span class=\"_5mfr\"><span class=\"_6qdm\"><img decoding=\"async\" class=\"emoji\" draggable=\"false\" src=\"https:\/\/s.w.org\/images\/core\/emoji\/11\/svg\/1f601.svg\" alt=\"\ud83d\ude01\" \/><\/span><\/span>.<\/p><p><span class=\"_5mfr\"><span class=\"_6qdm\"><img decoding=\"async\" class=\"emoji\" draggable=\"false\" src=\"https:\/\/s.w.org\/images\/core\/emoji\/11\/svg\/1f31f.svg\" alt=\"\ud83c\udf1f\" \/><\/span><\/span> Quand je suis dans une \u00e9nergie basse, je ne suis plus align\u00e9e, centr\u00e9e, ancr\u00e9e. Face \u00e0 un \u00e9v\u00e8nement d\u00e9sagr\u00e9able, \u00e7a me demande alors une \u00e9nergie consid\u00e9rable de me recentrer pour agir en mon \u00e2me et conscience ; pour ma part, c&#8217;est encore trop difficile pour moi&#8230; De plus, comme mentionn\u00e9 plus haut, je suis alors tr\u00e8s vuln\u00e9rable aux \u00e9nergies des autres personnes qui peuvent alors me paralyser. <br \/>Le plus simple est bien \u00e9videmment de faire le maximum pour rester align\u00e9e en toute circonstance, ou au moins pour retrouver rapidement son alignement &#8230; avant de vivre des exp\u00e9riences d\u00e9sagr\u00e9ables.<\/p><p><span class=\"_5mfr\"><span class=\"_6qdm\"><img decoding=\"async\" class=\"emoji\" draggable=\"false\" src=\"https:\/\/s.w.org\/images\/core\/emoji\/11\/svg\/1f31f.svg\" alt=\"\ud83c\udf1f\" \/><\/span><\/span> Je manque encore d&#8217;\u00e9coute de moi-m\u00eame ou alors, si j&#8217;en prends conscience, parfois (souvent ?) je n&#8217;y accorde pas suffisamment d&#8217;importance. <br \/>Hier, en sortant, j&#8217;ai not\u00e9 rapidement dans un coin de ma t\u00eate que j&#8217;\u00e9tais d&#8217;une humeur morose. Basta. <br \/>Sauf que l&#8217;\u00e9l\u00e9vation constante du niveau vibratoire de la plan\u00e8te, depuis plusieurs ann\u00e9es, nous met de plus en plus rapidement face \u00e0 nous-m\u00eames. \u00c7a ne prend plus des mois ou des ann\u00e9es, mais seulement quelques secondes parfois.<br \/>Ce qui implique que ma vie est de plus en plus en coh\u00e9rence avec ce que je suis, l\u00e0, maintenant. Ce qui veut dire que si je suis heureuse, ma vie sera heureuse. Et l&#8217;inverse aussi &#8230;. <br \/>Du coup, hier, quand j&#8217;ai not\u00e9 que je n&#8217;\u00e9tais pas joyeuse pour aller me promener et si je souhaitais passer un bon moment en famille, alors j&#8217;aurais du prendre le temps de me reconnecter \u00e0 ma joie. \u00c7a m&#8217;aurait pris 5 mn, par exemple en dansant comme une d\u00e9rat\u00e9e sur une musique que j&#8217;adore. Et l&#8217;exp\u00e9rience en aurait \u00e9t\u00e9 transform\u00e9e <span class=\"_5mfr\"><span class=\"_6qdm\"><img decoding=\"async\" class=\"emoji\" draggable=\"false\" src=\"https:\/\/s.w.org\/images\/core\/emoji\/11\/svg\/1f60a.svg\" alt=\"\ud83d\ude0a\" \/><\/span><\/span>. (Si je pouvais, j&#8217;aimerais avoir une baguette magique pour tenter l&#8217;exp\u00e9rience ! <span class=\"_5mfr\"><span class=\"_6qdm\"><img decoding=\"async\" class=\"emoji\" draggable=\"false\" src=\"https:\/\/s.w.org\/images\/core\/emoji\/11\/svg\/1f609.svg\" alt=\"\ud83d\ude09\" \/><\/span><\/span><span class=\"_5mfr\"><span class=\"_6qdm\"><img decoding=\"async\" class=\"emoji\" draggable=\"false\" src=\"https:\/\/s.w.org\/images\/core\/emoji\/11\/svg\/1f605.svg\" alt=\"\ud83d\ude05\" \/><\/span><\/span><span class=\"_5mfr\"><span class=\"_6qdm\"><img decoding=\"async\" class=\"emoji\" draggable=\"false\" src=\"https:\/\/s.w.org\/images\/core\/emoji\/11\/svg\/1f604.svg\" alt=\"\ud83d\ude04\" \/><\/span><\/span>).<\/p><p><span class=\"_5mfr\"><span class=\"_6qdm\"><img decoding=\"async\" class=\"emoji\" draggable=\"false\" src=\"https:\/\/s.w.org\/images\/core\/emoji\/11\/svg\/1f31f.svg\" alt=\"\ud83c\udf1f\" \/><\/span><\/span> \u00c7a me demande beaucoup plus d&#8217;\u00e9nergie et de temps de retrouver mon bien-\u00eatre apr\u00e8s un \u00e9v\u00e8nement d\u00e9sagr\u00e9able que \u00e7a m&#8217;en aurait demand\u00e9 en prenant conscience de ma vibration basse.<\/p><p><span class=\"_5mfr\"><span class=\"_6qdm\"><img decoding=\"async\" class=\"emoji\" draggable=\"false\" src=\"https:\/\/s.w.org\/images\/core\/emoji\/11\/svg\/1f31f.svg\" alt=\"\ud83c\udf1f\" \/><\/span><\/span><span class=\"_5mfr\"><span class=\"_6qdm\"><img decoding=\"async\" class=\"emoji\" draggable=\"false\" src=\"https:\/\/s.w.org\/images\/core\/emoji\/11\/svg\/1f31f.svg\" alt=\"\ud83c\udf1f\" \/><\/span><\/span><span class=\"_5mfr\"><span class=\"_6qdm\"><img decoding=\"async\" class=\"emoji\" draggable=\"false\" src=\"https:\/\/s.w.org\/images\/core\/emoji\/11\/svg\/1f31f.svg\" alt=\"\ud83c\udf1f\" \/><\/span><\/span><span class=\"_5mfr\"><span class=\"_6qdm\"><img decoding=\"async\" class=\"emoji\" draggable=\"false\" src=\"https:\/\/s.w.org\/images\/core\/emoji\/11\/svg\/1f31f.svg\" alt=\"\ud83c\udf1f\" \/><\/span><\/span><span class=\"_5mfr\"><span class=\"_6qdm\"><img decoding=\"async\" class=\"emoji\" draggable=\"false\" src=\"https:\/\/s.w.org\/images\/core\/emoji\/11\/svg\/1f31f.svg\" alt=\"\ud83c\udf1f\" \/><\/span><\/span><\/p><p>Est-ce que \u00e7a te parle, cette cl\u00e9 fondamentale qu&#8217;est ta qualit\u00e9 vibratoire pour vivre align\u00e9e, dans la joie et le bonheur que nous cherchons tous ?<\/p><p>As-tu d\u00e9j\u00e0 v\u00e9cu et pris conscience de ce genre d&#8217;exp\u00e9riences vibratoires \/ \u00e9nerg\u00e9tiques ?<\/p><p>Es-tu capable de sentir ta qualit\u00e9 vibratoire ?<\/p><p><span class=\"_5mfr\"><span class=\"_6qdm\"><img decoding=\"async\" class=\"emoji\" draggable=\"false\" src=\"https:\/\/s.w.org\/images\/core\/emoji\/11\/svg\/1f31f.svg\" alt=\"\ud83c\udf1f\" \/><\/span><\/span><span class=\"_5mfr\"><span class=\"_6qdm\"><img decoding=\"async\" class=\"emoji\" draggable=\"false\" src=\"https:\/\/s.w.org\/images\/core\/emoji\/11\/svg\/1f31f.svg\" alt=\"\ud83c\udf1f\" \/><\/span><\/span><span class=\"_5mfr\"><span class=\"_6qdm\"><img decoding=\"async\" class=\"emoji\" draggable=\"false\" src=\"https:\/\/s.w.org\/images\/core\/emoji\/11\/svg\/1f31f.svg\" alt=\"\ud83c\udf1f\" \/><\/span><\/span><span class=\"_5mfr\"><span class=\"_6qdm\"><img decoding=\"async\" class=\"emoji\" draggable=\"false\" src=\"https:\/\/s.w.org\/images\/core\/emoji\/11\/svg\/1f31f.svg\" alt=\"\ud83c\udf1f\" \/><\/span><\/span><span class=\"_5mfr\"><span class=\"_6qdm\"><img decoding=\"async\" class=\"emoji\" draggable=\"false\" src=\"https:\/\/s.w.org\/images\/core\/emoji\/11\/svg\/1f31f.svg\" alt=\"\ud83c\udf1f\" \/><\/span><\/span><\/p><p><span class=\"_5mfr\"><span class=\"_6qdm\"><img decoding=\"async\" class=\"emoji\" draggable=\"false\" src=\"https:\/\/s.w.org\/images\/core\/emoji\/11\/svg\/1f31f.svg\" alt=\"\ud83c\udf1f\" \/><\/span><\/span> <a href=\"http:\/\/www.lungta-equicoaching.com\/index.php\/contact\/\">Contacte-moi<\/a> si \u00e7a vibre fort en toi \u00e0 la lecture de ce post. Tu pourrais \u00eatre tr\u00e8s int\u00e9ress\u00e9e par le parcours <a href=\"http:\/\/www.lungta-equicoaching.com\/index.php\/parcours-revele-celle-que-tu-es-au-dela-de-la-fatigue-et-des-peurs\/\">&#8220;R\u00e9v\u00e8le -&#8220;r\u00eaves-ailes&#8221;- celle que tu es au plus profond de ton coeur&#8221;<\/a> dans lequel je mets l&#8217;accent sur l&#8217;\u00e9coute de Soi, de son \u00e9nergie, de sa qualit\u00e9 vibratoire pour guider sa Vie <span class=\"_5mfr\"><span class=\"_6qdm\"><img decoding=\"async\" class=\"emoji\" draggable=\"false\" src=\"https:\/\/s.w.org\/images\/core\/emoji\/11\/svg\/1f496.svg\" alt=\"\ud83d\udc96\" \/><\/span><\/span>.<\/p>\t\t\t\t\t<\/div>\n\t\t\t\t\t\t<\/div>\n\t\t\t\t<\/div>\n\t\t\t\t\t\t<\/div>\n\t\t\t\t\t<\/div>\n\t\t<\/div>\n\t\t\t\t\t\t\t\t<\/div>\n\t\t\t\t\t<\/div>\n\t\t<\/section>\n\t\t\t\t\t\t\t\t\t<\/div>\n\t\t\t<\/div>\n\t\t\t\t\t<\/div>\n\t\t","protected":false},"excerpt":{"rendered":"<p>L&#8217;importance de ta qualit\u00e9 vibratoire pour construire ta r\u00e9alit\u00e9 Je me suis prise une belle claque hier apr\u00e8s-midi &#8230; Un beau rappel comme je n&#8217;aime pas en vivre mais qui est pourtant n\u00e9cessaire pour me [&hellip;]<\/p>\n","protected":false},"author":1,"featured_media":0,"comment_status":"closed","ping_status":"open","sticky":false,"template":"","format":"standard","meta":[],"categories":[13],"tags":[],"_links":{"self":[{"href":"https:\/\/www.lungta-equicoaching.com\/index.php\/wp-json\/wp\/v2\/posts\/1023"}],"collection":[{"href":"https:\/\/www.lungta-equicoaching.com\/index.php\/wp-json\/wp\/v2\/posts"}],"about":[{"href":"https:\/\/www.lungta-equicoaching.com\/index.php\/wp-json\/wp\/v2\/types\/post"}],"author":[{"embeddable":true,"href":"https:\/\/www.lungta-equicoaching.com\/index.php\/wp-json\/wp\/v2\/users\/1"}],"replies":[{"embeddable":true,"href":"https:\/\/www.lungta-equicoaching.com\/index.php\/wp-json\/wp\/v2\/comments?post=1023"}],"version-history":[{"count":3,"href":"https:\/\/www.lungta-equicoaching.com\/index.php\/wp-json\/wp\/v2\/posts\/1023\/revisions"}],"predecessor-version":[{"id":1027,"href":"https:\/\/www.lungta-equicoaching.com\/index.php\/wp-json\/wp\/v2\/posts\/1023\/revisions\/1027"}],"wp:attachment":[{"href":"https:\/\/www.lungta-equicoaching.com\/index.php\/wp-json\/wp\/v2\/media?parent=1023"}],"wp:term":[{"taxonomy":"category","embeddable":true,"href":"https:\/\/www.lungta-equicoaching.com\/index.php\/wp-json\/wp\/v2\/categories?post=1023"},{"taxonomy":"post_tag","embeddable":true,"href":"https:\/\/www.lungta-equicoaching.com\/index.php\/wp-json\/wp\/v2\/tags?post=1023"}],"curies":[{"name":"wp","href":"https:\/\/api.w.org\/{rel}","templated":true}]}}