{"id":1012,"date":"2020-04-14T16:51:53","date_gmt":"2020-04-14T14:51:53","guid":{"rendered":"http:\/\/www.lungta-equicoaching.com\/?p=1012"},"modified":"2021-03-15T18:46:55","modified_gmt":"2021-03-15T17:46:55","slug":"inconscience-vs-conscience-de-lunite","status":"publish","type":"post","link":"https:\/\/www.lungta-equicoaching.com\/index.php\/2020\/04\/14\/inconscience-vs-conscience-de-lunite\/","title":{"rendered":"Inconscience vs Conscience de l&#8217;Unit\u00e9"},"content":{"rendered":"\t\t<div data-elementor-type=\"wp-post\" data-elementor-id=\"1012\" class=\"elementor elementor-1012\">\n\t\t\t\t\t\t<div class=\"elementor-inner\">\n\t\t\t\t<div class=\"elementor-section-wrap\">\n\t\t\t\t\t\t\t\t\t<section class=\"elementor-section elementor-top-section elementor-element elementor-element-ade4cd4 elementor-section-boxed elementor-section-height-default elementor-section-height-default\" data-id=\"ade4cd4\" data-element_type=\"section\">\n\t\t\t\t\t\t<div class=\"elementor-container elementor-column-gap-default\">\n\t\t\t\t\t\t\t<div class=\"elementor-row\">\n\t\t\t\t\t<div class=\"elementor-column elementor-col-100 elementor-top-column elementor-element elementor-element-5752634\" data-id=\"5752634\" data-element_type=\"column\">\n\t\t\t<div class=\"elementor-column-wrap elementor-element-populated\">\n\t\t\t\t\t\t\t<div class=\"elementor-widget-wrap\">\n\t\t\t\t\t\t<div class=\"elementor-element elementor-element-5ac1818 elementor-widget elementor-widget-heading\" data-id=\"5ac1818\" data-element_type=\"widget\" data-widget_type=\"heading.default\">\n\t\t\t\t<div class=\"elementor-widget-container\">\n\t\t\t<h2 class=\"elementor-heading-title elementor-size-default\">Inconscience vs Conscience de l'Unit\u00e9<\/h2>\t\t<\/div>\n\t\t\t\t<\/div>\n\t\t\t\t<div class=\"elementor-element elementor-element-1603e86 elementor-widget elementor-widget-spacer\" data-id=\"1603e86\" data-element_type=\"widget\" data-widget_type=\"spacer.default\">\n\t\t\t\t<div class=\"elementor-widget-container\">\n\t\t\t\t\t<div class=\"elementor-spacer\">\n\t\t\t<div class=\"elementor-spacer-inner\"><\/div>\n\t\t<\/div>\n\t\t\t\t<\/div>\n\t\t\t\t<\/div>\n\t\t\t\t<div class=\"elementor-element elementor-element-f2ff27b elementor-widget elementor-widget-image\" data-id=\"f2ff27b\" data-element_type=\"widget\" data-widget_type=\"image.default\">\n\t\t\t\t<div class=\"elementor-widget-container\">\n\t\t\t\t\t\t\t\t<div class=\"elementor-image\">\n\t\t\t\t\t\t\t\t\t\t\t\t<img decoding=\"async\" width=\"550\" height=\"550\" src=\"https:\/\/www.lungta-equicoaching.com\/wp-content\/uploads\/2020\/04\/ravensburger-puzzle-1000-pieces-entre-femme-et-loup.39203-1.550.jpg\" class=\"attachment-large size-large\" alt=\"\" loading=\"lazy\" srcset=\"https:\/\/www.lungta-equicoaching.com\/wp-content\/uploads\/2020\/04\/ravensburger-puzzle-1000-pieces-entre-femme-et-loup.39203-1.550.jpg 550w, https:\/\/www.lungta-equicoaching.com\/wp-content\/uploads\/2020\/04\/ravensburger-puzzle-1000-pieces-entre-femme-et-loup.39203-1.550-150x150.jpg 150w, https:\/\/www.lungta-equicoaching.com\/wp-content\/uploads\/2020\/04\/ravensburger-puzzle-1000-pieces-entre-femme-et-loup.39203-1.550-300x300.jpg 300w\" sizes=\"(max-width: 550px) 100vw, 550px\" \/>\t\t\t\t\t\t\t\t\t\t\t\t\t\t<\/div>\n\t\t\t\t\t\t<\/div>\n\t\t\t\t<\/div>\n\t\t\t\t<div class=\"elementor-element elementor-element-d2e168f elementor-widget elementor-widget-spacer\" data-id=\"d2e168f\" data-element_type=\"widget\" data-widget_type=\"spacer.default\">\n\t\t\t\t<div class=\"elementor-widget-container\">\n\t\t\t\t\t<div class=\"elementor-spacer\">\n\t\t\t<div class=\"elementor-spacer-inner\"><\/div>\n\t\t<\/div>\n\t\t\t\t<\/div>\n\t\t\t\t<\/div>\n\t\t\t\t<div class=\"elementor-element elementor-element-fe2d9ea elementor-widget elementor-widget-text-editor\" data-id=\"fe2d9ea\" data-element_type=\"widget\" data-widget_type=\"text-editor.default\">\n\t\t\t\t<div class=\"elementor-widget-container\">\n\t\t\t\t\t\t\t\t<div class=\"elementor-text-editor elementor-clearfix\">\n\t\t\t\t<p>Hier soir j&#8217;ai regard\u00e9 le documentaire &#8220;cowspiracy&#8221; qui d\u00e9nonce l&#8217;impact de l&#8217;\u00e9levage intensif sur l&#8217;environnement. J&#8217;ai d\u00e9j\u00e0 vu de nombreux documentaires sur les traitements horribles que nous faisons, nous humains, subir aux animaux et \u00e0 la nature sous pr\u00e9texte de nous nourrir, de nous habiller, de tester nos m\u00e9dicaments et produits cosm\u00e9tiques, etc &#8230; Pourtant, ce matin, en me r\u00e9veillant, j&#8217;\u00e9tais encore profond\u00e9ment triste en repensant aux images concentrationnaires vues dans le documentaire hier soir. Je ne m&#8217;y habituerai jamais, bien \u00e9videmment. Je refuse de m&#8217;habituer aux images de violences, de tortures de toutes sortes, qu&#8217;elles soient commises sur des animaux, d&#8217;autres humains, sur les arbres, sur la nature, sur les oc\u00e9ans, sur toutes les formes de vies quelles qu&#8217;elles soient.<\/p><p>J&#8217;\u00e9tais triste aussi car m&#8217;est revenue \u00e0 l&#8217;esprit une phrase que m&#8217;a dit une personne proche il y a quelques mois et que j&#8217;entends encore trop souvent de parts et d&#8217;autres : les animaux n&#8217;ont pas de conscience de toutes fa\u00e7ons (sous entendu, \u00e7a n&#8217;est pas grave de les tuer pour les manger, ou de s\u00e9parer les b\u00e9b\u00e9s de leur m\u00e8re pour r\u00e9colter le lait qui leur est normalement destin\u00e9 &#8230; ). \u00c7a me choque \u00e0 chaque fois d&#8217;entendre \u00e7a.<\/p><p>Il n&#8217;y a pas si longtemps, quelques si\u00e8cles seulement, l&#8217;homme blanc pensait que l&#8217;homme \u00e0 la peau noire \u00e9tait un animal, un sauvage, qui n&#8217;\u00e9tait bon qu&#8217;\u00e0 travailler comme esclave pour l&#8217;homme sup\u00e9rieur blanc, qu&#8217;il fallait \u00e9duquer, civiliser, qu&#8217;on exhibait dans des cages comme b\u00eates de foire. L&#8217;homme noir \u00e9tait trait\u00e9 comme un animal. Aujourd&#8217;hui, les consciences ont \u00e9volu\u00e9es (en majorit\u00e9, pas toutes h\u00e9las &#8230;. l&#8217;esclavage et les tortures sur humains existent encore) et il serait choquant de traiter une personne noire comme on le faisait au 18e si\u00e8cle.<\/p><p>Tout ceci, pour moi, part d&#8217;une m\u00e9connaissance, d&#8217;une incompr\u00e9hension. (Et sans doute aussi de l&#8217;\u00e9go d\u00e9mesur\u00e9 de l&#8217;\u00eatre humain &#8230;. <span class=\"_5mfr\"><span class=\"_6qdm\"><img decoding=\"async\" class=\"emoji\" draggable=\"false\" src=\"https:\/\/s.w.org\/images\/core\/emoji\/11\/svg\/1f61e.svg\" alt=\"\ud83d\ude1e\" \/><\/span><\/span>). Pourquoi ce qui n&#8217;a pas la m\u00eame forme d&#8217;intelligence et de conscience que nous humains, serait forc\u00e9ment inf\u00e9rieur, non digne de consid\u00e9ration, de respect, de bienveillance, d&#8217;amour ?! Pourquoi ce que nous ne comprenons pas ou qui ne nous ressemble pas n&#8217;est pas digne d&#8217;int\u00e9r\u00eat (ou alors d&#8217;int\u00e9r\u00eat financier &#8230;. <span class=\"_5mfr\"><span class=\"_6qdm\"><img decoding=\"async\" class=\"emoji\" draggable=\"false\" src=\"https:\/\/s.w.org\/images\/core\/emoji\/11\/svg\/1f620.svg\" alt=\"\ud83d\ude20\" \/><\/span><\/span>) ? <br \/>Si je me retrouve face \u00e0 un chinois, il est certain que je ne comprendrai pas son langage. Pourtant, je sais qui si je fais l&#8217;effort d&#8217;ouvrir mon esprit je finirai par le comprendre autrement : par son langage corporel, par l&#8217;intention qu&#8217;il met dans ses gestes, dans son comportement, dans ses expressions faciales, etc &#8230; <br \/>Il en va de m\u00eame avec nos animaux domestiques : je ne parle pas le langage &#8220;chien&#8221; ou &#8220;chat&#8221; , pourtant je comprends tr\u00e8s bien mon chat quand il me r\u00e9clame des croquettes ou mon chien quand il attend avec impatience que je sorte me promener avec lui. Nous n&#8217;avons pas la m\u00eame intelligence, la m\u00eame conscience, oui, mais nous avons deux formes diff\u00e9rentes d&#8217;intelligence et de conscience qui peuvent se comprendre et qui, m\u00eame, se compl\u00e8tent.<\/p><p>Pour moi, il en va de m\u00eame de toutes les formes de Vie. Les arbres <span class=\"_5mfr\"><span class=\"_6qdm\"><img decoding=\"async\" class=\"emoji\" draggable=\"false\" src=\"https:\/\/s.w.org\/images\/core\/emoji\/11\/svg\/1f333.svg\" alt=\"\ud83c\udf33\" \/><\/span><\/span>, les insectes <span class=\"_5mfr\"><span class=\"_6qdm\"><img decoding=\"async\" class=\"emoji\" draggable=\"false\" src=\"https:\/\/s.w.org\/images\/core\/emoji\/11\/svg\/1f98b.svg\" alt=\"\ud83e\udd8b\" \/><\/span><\/span>, les poissons<span class=\"_5mfr\"><span class=\"_6qdm\"><img decoding=\"async\" class=\"emoji\" draggable=\"false\" src=\"https:\/\/s.w.org\/images\/core\/emoji\/11\/svg\/1f420.svg\" alt=\"\ud83d\udc20\" \/><\/span><\/span> ont une conscience encore plus diff\u00e9rente et \u00e9loign\u00e9e de nous que celle de nos animaux domestiques<span class=\"_5mfr\"><span class=\"_6qdm\"><img decoding=\"async\" class=\"emoji\" draggable=\"false\" src=\"https:\/\/s.w.org\/images\/core\/emoji\/11\/svg\/1f434.svg\" alt=\"\ud83d\udc34\" \/><\/span><\/span><span class=\"_5mfr\"><span class=\"_6qdm\"><img decoding=\"async\" class=\"emoji\" draggable=\"false\" src=\"https:\/\/s.w.org\/images\/core\/emoji\/11\/svg\/1f408.svg\" alt=\"\ud83d\udc08\" \/><\/span><\/span><span class=\"_5mfr\"><span class=\"_6qdm\"><img decoding=\"async\" class=\"emoji\" draggable=\"false\" src=\"https:\/\/s.w.org\/images\/core\/emoji\/11\/svg\/1f415.svg\" alt=\"\ud83d\udc15\" \/><\/span><\/span><span class=\"_5mfr\"><span class=\"_6qdm\"><img decoding=\"async\" class=\"emoji\" draggable=\"false\" src=\"https:\/\/s.w.org\/images\/core\/emoji\/11\/svg\/1f411.svg\" alt=\"\ud83d\udc11\" \/><\/span><\/span><span class=\"_5mfr\"><span class=\"_6qdm\"><img decoding=\"async\" class=\"emoji\" draggable=\"false\" src=\"https:\/\/s.w.org\/images\/core\/emoji\/11\/svg\/1f404.svg\" alt=\"\ud83d\udc04\" \/><\/span><\/span> qui sont, pour la grande majorit\u00e9, des mammif\u00e8res comme nous. Cependant, si je me relie \u00e0 eux de tout mon coeur, je peux sentir qu&#8217;ils vibrent de vie, qu&#8217;ils souffrent ou qu&#8217;ils se sentent bien, qu&#8217;ils communiquent avec tout ce qui les entoure, y compris nous humains <span class=\"_5mfr\"><span class=\"_6qdm\"><img decoding=\"async\" class=\"emoji\" draggable=\"false\" src=\"https:\/\/s.w.org\/images\/core\/emoji\/11\/svg\/1f931.svg\" alt=\"\ud83e\udd31\" \/><\/span><\/span>, qu&#8217;ils nous compl\u00e8tent parfaitement.<\/p><p>L\u00e0 o\u00f9 je veux en venir par ce long post, c&#8217;est que je r\u00eave du jour o\u00f9 les humains descendront de leur pi\u00e9destal et regarderont la Vie autour d&#8217;eux pour ce qu&#8217;elle est : une Beaut\u00e9 \u00e0 l&#8217;intelligence sans \u00e9gale et \u00e0 la Conscience parfaite dont les humains sont une infime partie. <br \/>Toutes les formes de Vie sur Terre <span class=\"_5mfr\"><span class=\"_6qdm\"><img decoding=\"async\" class=\"emoji\" draggable=\"false\" src=\"https:\/\/s.w.org\/images\/core\/emoji\/11\/svg\/1f30d.svg\" alt=\"\ud83c\udf0d\" \/><\/span><\/span> ont leur Raison d&#8217;\u00catre et se compl\u00e8tent parfaitement. En d\u00e9truisant la Vie, on se d\u00e9truit soi-m\u00eame. En honorant la Vie, on honore la Vie en nous <span class=\"_5mfr\"><span class=\"_6qdm\"><img decoding=\"async\" class=\"emoji\" draggable=\"false\" src=\"https:\/\/s.w.org\/images\/core\/emoji\/11\/svg\/1f496.svg\" alt=\"\ud83d\udc96\" \/><\/span><\/span>.<\/p><p><span class=\"_5mfr\"><span class=\"_6qdm\"><img decoding=\"async\" class=\"emoji\" draggable=\"false\" src=\"https:\/\/s.w.org\/images\/core\/emoji\/11\/svg\/2728.svg\" alt=\"\u2728\" \/><\/span><\/span>Si nous voulons vivre heureux, \u00e9panouis, en bonne sant\u00e9 physique et mentale, nous devons prot\u00e9ger toutes les formes de Vie. Nous devons nous rapprocher de la Nature et faire UN avec elle. Il n&#8217;y a pas d&#8217;autres solutions. Aucune.<span class=\"_5mfr\"><span class=\"_6qdm\"><img decoding=\"async\" class=\"emoji\" draggable=\"false\" src=\"https:\/\/s.w.org\/images\/core\/emoji\/11\/svg\/2728.svg\" alt=\"\u2728\" \/><\/span><\/span><\/p><p>Etant donn\u00e9 la r\u00e9cente \u00e9volution des mentalit\u00e9s sur le bien-\u00eatre animal, sur la conscience des arbres, sur l&#8217;urgence climatique, j&#8217;ai bon espoir que d&#8217;ici quelques d\u00e9cennies les animaux, les for\u00eats, les oc\u00e9ans, soient enfin prot\u00e9g\u00e9s. <br \/>Je l&#8217;esp\u00e8re de tout mon coeur &#8230;. <span class=\"_5mfr\"><span class=\"_6qdm\"><img decoding=\"async\" class=\"emoji\" draggable=\"false\" src=\"https:\/\/s.w.org\/images\/core\/emoji\/11\/svg\/1f496.svg\" alt=\"\ud83d\udc96\" \/><\/span><\/span><br \/>J&#8217;esp\u00e8re sinc\u00e8rement que cette p\u00e9riode de confinement va faire \u00e9voluer beaucoup de mentalit\u00e9s humaines et que le peuple humain en ressortira grandi &#8230;. <span class=\"_5mfr\"><span class=\"_6qdm\"><img decoding=\"async\" class=\"emoji\" draggable=\"false\" src=\"https:\/\/s.w.org\/images\/core\/emoji\/11\/svg\/1f64f.svg\" alt=\"\ud83d\ude4f\" \/><\/span><\/span><\/p><p>&#8212;&#8212;&#8212;&#8212;&#8212;&#8212;&#8212;&#8212;&#8212;&#8212;&#8212;&#8212;&#8212;&#8212;&#8212;&#8212;&#8212;&#8212;&#8212;&#8211;<\/p><p><span class=\"_5mfr\"><span class=\"_6qdm\"><img decoding=\"async\" class=\"emoji\" draggable=\"false\" src=\"https:\/\/s.w.org\/images\/core\/emoji\/11\/svg\/1f333.svg\" alt=\"\ud83c\udf33\" \/><\/span><\/span><span class=\"_5mfr\"><span class=\"_6qdm\"><img decoding=\"async\" class=\"emoji\" draggable=\"false\" src=\"https:\/\/s.w.org\/images\/core\/emoji\/11\/svg\/1f31e.svg\" alt=\"\ud83c\udf1e\" \/><\/span><\/span><span class=\"_5mfr\"><span class=\"_6qdm\"><img decoding=\"async\" class=\"emoji\" draggable=\"false\" src=\"https:\/\/s.w.org\/images\/core\/emoji\/11\/svg\/1f33a.svg\" alt=\"\ud83c\udf3a\" \/><\/span><\/span> La RECONNEXION A LA NATURE est un des 2 piliers incontournables pour moi dans la reconnexion \u00e0 &#8220;soi-m&#8217;aime&#8221;. Il me semble fondamental de se rapprocher en premier lieu de la nature pour ensuite se retrouver Soi et apprendre \u00e0 mieux se conna\u00eetre. Pour moi, l&#8217;un ne va pas sans l&#8217;autre. La nature et toutes les formes de vie sont des soutiens vers notre \u00e9volution, notre \u00e9panouissement, notre bonheur.<\/p><p><span class=\"_5mfr\"><span class=\"_6qdm\"><img decoding=\"async\" class=\"emoji\" draggable=\"false\" src=\"https:\/\/s.w.org\/images\/core\/emoji\/11\/svg\/1f449.svg\" alt=\"\ud83d\udc49\" \/><\/span><\/span> <span class=\"_5mfr\"><span class=\"_6qdm\"><img decoding=\"async\" class=\"emoji\" draggable=\"false\" src=\"https:\/\/s.w.org\/images\/core\/emoji\/11\/svg\/2728.svg\" alt=\"\u2728\" \/><\/span><\/span><span class=\"_5mfr\"><span class=\"_6qdm\"><img decoding=\"async\" class=\"emoji\" draggable=\"false\" src=\"https:\/\/s.w.org\/images\/core\/emoji\/11\/svg\/1f496.svg\" alt=\"\ud83d\udc96\" \/><\/span><\/span> Si \u00e7a te parle et que tu es curieuse de d\u00e9couvrir le parcours que j&#8217;ai cr\u00e9\u00e9 pour les femmes comme toi, hypersensibles, instinctives et proches de la nature, d\u00e9couvre ici le programme : <a href=\"http:\/\/www.lungta-equicoaching.com\/index.php\/parcours-revele-celle-que-tu-es-au-dela-de-la-fatigue-et-des-peurs\/\">&#8220;R\u00e9v\u00e8le -&#8220;r\u00eaves-ailes&#8221; &#8211; celle que tu es au plus profonde de ton coeur&#8221;<\/a>.<\/p><p>A tr\u00e8s bient\u00f4t <span class=\"_5mfr\"><span class=\"_6qdm\"><img decoding=\"async\" class=\"emoji\" draggable=\"false\" src=\"https:\/\/s.w.org\/images\/core\/emoji\/11\/svg\/1f603.svg\" alt=\"\ud83d\ude03\" \/><\/span><\/span> !<\/p><p>Val\u00e9rie<\/p>\t\t\t\t\t<\/div>\n\t\t\t\t\t\t<\/div>\n\t\t\t\t<\/div>\n\t\t\t\t\t\t<\/div>\n\t\t\t\t\t<\/div>\n\t\t<\/div>\n\t\t\t\t\t\t\t\t<\/div>\n\t\t\t\t\t<\/div>\n\t\t<\/section>\n\t\t\t\t\t\t\t\t\t<\/div>\n\t\t\t<\/div>\n\t\t\t\t\t<\/div>\n\t\t","protected":false},"excerpt":{"rendered":"<p>Inconscience vs Conscience de l&#8217;Unit\u00e9 Hier soir j&#8217;ai regard\u00e9 le documentaire &#8220;cowspiracy&#8221; qui d\u00e9nonce l&#8217;impact de l&#8217;\u00e9levage intensif sur l&#8217;environnement. J&#8217;ai d\u00e9j\u00e0 vu de nombreux documentaires sur les traitements horribles que nous faisons, nous humains, [&hellip;]<\/p>\n","protected":false},"author":1,"featured_media":0,"comment_status":"closed","ping_status":"open","sticky":false,"template":"","format":"standard","meta":[],"categories":[13],"tags":[],"_links":{"self":[{"href":"https:\/\/www.lungta-equicoaching.com\/index.php\/wp-json\/wp\/v2\/posts\/1012"}],"collection":[{"href":"https:\/\/www.lungta-equicoaching.com\/index.php\/wp-json\/wp\/v2\/posts"}],"about":[{"href":"https:\/\/www.lungta-equicoaching.com\/index.php\/wp-json\/wp\/v2\/types\/post"}],"author":[{"embeddable":true,"href":"https:\/\/www.lungta-equicoaching.com\/index.php\/wp-json\/wp\/v2\/users\/1"}],"replies":[{"embeddable":true,"href":"https:\/\/www.lungta-equicoaching.com\/index.php\/wp-json\/wp\/v2\/comments?post=1012"}],"version-history":[{"count":4,"href":"https:\/\/www.lungta-equicoaching.com\/index.php\/wp-json\/wp\/v2\/posts\/1012\/revisions"}],"predecessor-version":[{"id":1028,"href":"https:\/\/www.lungta-equicoaching.com\/index.php\/wp-json\/wp\/v2\/posts\/1012\/revisions\/1028"}],"wp:attachment":[{"href":"https:\/\/www.lungta-equicoaching.com\/index.php\/wp-json\/wp\/v2\/media?parent=1012"}],"wp:term":[{"taxonomy":"category","embeddable":true,"href":"https:\/\/www.lungta-equicoaching.com\/index.php\/wp-json\/wp\/v2\/categories?post=1012"},{"taxonomy":"post_tag","embeddable":true,"href":"https:\/\/www.lungta-equicoaching.com\/index.php\/wp-json\/wp\/v2\/tags?post=1012"}],"curies":[{"name":"wp","href":"https:\/\/api.w.org\/{rel}","templated":true}]}}